{"id":1739,"date":"2017-05-08T10:25:32","date_gmt":"2017-05-08T08:25:32","guid":{"rendered":"http:\/\/bkf.gdu.edu.az\/?p=1739"},"modified":"2017-05-08T10:28:30","modified_gmt":"2017-05-08T08:28:30","slug":"universitet-t%c9%99r%c9%99find%c9%99n-t%c9%99skil-olunmus-beyn%c9%99lxalq-elmi-konfrans","status":"publish","type":"post","link":"https:\/\/bkf.gdu.edu.az\/?p=1739","title":{"rendered":"UN\u0130VERS\u0130TET T\u018fR\u018fF\u0130ND\u018fN T\u018f\u015eK\u0130L OLUNMU\u015e BEYN\u018fLXALQ ELM\u0130 KONFRANS"},"content":{"rendered":"<p><div id=\"metaslider-id-1741\" style=\"max-width: 700px;\" class=\"ml-slider-3-60-1 metaslider metaslider-flex metaslider-1741 ml-slider ms-theme-default\" role=\"region\" aria-roledescription=\"Slideshow\" aria-label=\"New\">\n    <div id=\"metaslider_container_1741\">\n        <div id=\"metaslider_1741\" class=\"flexslider\">\n            <ul aria-live=\"polite\" class=\"slides\">\n                <li style=\"display: block; width: 100%;\" class=\"slide-1742 ms-image\" aria-roledescription=\"slide\" aria-label=\"slide-1742\"><img loading=\"lazy\" decoding=\"async\" src=\"https:\/\/bkf.gdu.edu.az\/wp-content\/uploads\/2017\/05\/DSC_4502-700x500.jpg\" height=\"400\" width=\"700\" alt=\"\" class=\"slider-1741 slide-1742\" \/><\/li>\n                <li style=\"display: none; width: 100%;\" class=\"slide-1743 ms-image\" aria-roledescription=\"slide\" aria-label=\"slide-1743\"><img loading=\"lazy\" decoding=\"async\" src=\"https:\/\/bkf.gdu.edu.az\/wp-content\/uploads\/2017\/05\/DSC_4516-700x500.jpg\" height=\"400\" width=\"700\" alt=\"\" class=\"slider-1741 slide-1743\" \/><\/li>\n                <li style=\"display: none; width: 100%;\" class=\"slide-1744 ms-image\" aria-roledescription=\"slide\" aria-label=\"slide-1744\"><img loading=\"lazy\" decoding=\"async\" src=\"https:\/\/bkf.gdu.edu.az\/wp-content\/uploads\/2017\/05\/DSC_4519-700x500.jpg\" height=\"400\" width=\"700\" alt=\"\" class=\"slider-1741 slide-1744\" \/><\/li>\n                <li style=\"display: none; width: 100%;\" class=\"slide-1745 ms-image\" aria-roledescription=\"slide\" aria-label=\"slide-1745\"><img loading=\"lazy\" decoding=\"async\" src=\"https:\/\/bkf.gdu.edu.az\/wp-content\/uploads\/2017\/05\/DSC_4565-700x500.jpg\" height=\"400\" width=\"700\" alt=\"\" class=\"slider-1741 slide-1745\" \/><\/li>\n                <li style=\"display: none; width: 100%;\" class=\"slide-1746 ms-image\" aria-roledescription=\"slide\" aria-label=\"slide-1746\"><img loading=\"lazy\" decoding=\"async\" src=\"https:\/\/bkf.gdu.edu.az\/wp-content\/uploads\/2017\/05\/DSC_4619-700x500.jpg\" height=\"400\" width=\"700\" alt=\"\" class=\"slider-1741 slide-1746\" \/><\/li>\n            <\/ul>\n        <\/div>\n        \n    <\/div>\n<\/div>04-05 may 2017-ci il tarixl\u0259rind\u0259 G\u0259nc\u0259 D\u00f6vl\u0259t Universiteti t\u0259r\u0259find\u0259n \u201cG\u0259nc\u0259 MDB-nin M\u0259d\u0259niyy\u0259t Paytaxt\u0131 2017\u201d layih\u0259si \u00e7\u0259r\u00e7iv\u0259sind\u0259 \u00dcmummilli lider Heyd\u0259r \u018fliyevin anadan olmas\u0131n\u0131n 94-c\u00fc ild\u00f6n\u00fcm\u00fcn\u0259 h\u0259sr olunmu\u015f \u201cM\u00fcasir t\u0259bi\u0259t elml\u0259rinin aktual probleml\u0259ri\u201d m\u00f6vzusunda ke\u00e7iril\u0259n\u00a0 beyn\u0259lxalq elmi konfransda Rusiya, T\u00fcrkiy\u0259, Ukrayna, G\u00fcrc\u00fcstan, Fransa v\u0259 \u0130spaniyadan olan 150 n\u00fcmay\u0259nd\u0259 i\u015ftirak etmi\u015fdir.<\/p>\n<p>\u0130\u015ftirak\u00e7\u0131lar konfrans ba\u015flamazdan \u0259vv\u0259l ulu \u00f6nd\u0259r Heyd\u0259r \u018fliyevin abid\u0259si \u00f6n\u00fcn\u0259 g\u00fcl d\u0259st\u0259l\u0259ri qoydular. Az\u0259rbaycan Respublikas\u0131n\u0131n D\u00f6vl\u0259t Himni s\u0259sl\u0259ndirildikd\u0259n sonra beyn\u0259lxalq elmi konfrans ba\u015flad\u0131. Konfransda ilk olaraq G\u0259nc\u0259 \u015f\u0259h\u0259rinin m\u0259d\u0259ni h\u0259yat\u0131n\u0131 \u0259ks etdir\u0259n video \u00e7arx n\u00fcmayi\u015f etdirildi.<\/p>\n<p>Konfrans\u0131 giri\u015f s\u00f6z\u00fc il\u0259 a\u00e7an G\u0259nc\u0259 \u015f\u0259h\u0259r \u0130cra Hakimiyy\u0259ti ba\u015f\u00e7\u0131s\u0131 Elmar V\u0259liyev i\u015ftirak\u00e7\u0131lar\u0131 salamlayaraq, onlara Az\u0259rbaycan d\u00f6vl\u0259tinin qurucusu, memar\u0131 olan Heyd\u0259r \u018fliyevin \u015f\u0259r\u0259fli h\u0259yat yolundan, \u00f6lk\u0259miz\u0259 r\u0259hb\u0259rlik etdiyi b\u00fct\u00fcn d\u00f6vrl\u0259rd\u0259 \u0259ld\u0259 olunan u\u011furlardan, m\u00fcst\u0259qil Az\u0259rbaycan d\u00f6vl\u0259tinin v\u0259 d\u00f6vl\u0259t\u00e7iliyinin m\u00f6hk\u0259ml\u0259ndirilm\u0259sind\u0259 ulu \u00f6nd\u0259rin m\u00fcst\u0259sna xidm\u0259tl\u0259rind\u0259n s\u00f6z a\u00e7araq \u00e7\u0131x\u0131\u015f\u0131n\u0131 Heyd\u0259r \u018fliyevin \u201cAz\u0259rbaycan\u0131n m\u00fcst\u0259qilliyi daimidir, d\u00f6nm\u0259zdir v\u0259 \u0259b\u0259didir\u201d fikri il\u0259 tamamlad\u0131.<\/p>\n<p>G\u0259nc\u0259 D\u00f6vl\u0259t Universitetinin rektoru professor Yusif Yusibov konfrans i\u015ftirak\u00e7\u0131lar\u0131na Az\u0259rbaycan xalq\u0131n\u0131n \u00fcmummilli lideri, g\u00f6rk\u0259mli d\u00f6vl\u0259t xadimi Heyd\u0259r \u018fliyevin z\u0259ngin n\u0259z\u0259ri irsind\u0259n, m\u00f6ht\u0259\u015f\u0259m f\u0259aliyy\u0259tind\u0259 t\u0259hsil m\u0259s\u0259l\u0259l\u0259rinin x\u00fcsusi yer tutmas\u0131ndan, Ulu \u00f6nd\u0259rimizin \u00f6lk\u0259nin v\u0259 xalq\u0131n taleyind\u0259, h\u0259rt\u0259r\u0259fli t\u0259r\u0259qqisind\u0259, u\u011furlar qazanmas\u0131nda t\u0259hsilin x\u00fcsusi rolunu, \u0259h\u0259miyy\u0259tini h\u0259mi\u015f\u0259 n\u0259z\u0259r\u0259 almas\u0131ndan, y\u00fcks\u0259k d\u0259y\u0259rl\u0259ndirm\u0259sind\u0259n b\u0259hs etmi\u015fdir. Professor Yusif\u00a0 Yusibov konfrans\u0131n 11 b\u00f6lm\u0259d\u0259n ibar\u0259t oldu\u011funu bildirdi.<\/p>\n<p>AMEA-n\u0131n G\u0259nc\u0259 b\u00f6lm\u0259sinin akademik katibi Fuad \u018fliyev akademiyan\u0131n inki\u015faf\u0131n\u0131n b\u00f6y\u00fck bir m\u0259rh\u0259l\u0259sinin g\u00f6rk\u0259mli D\u00f6vl\u0259t Xadiminin ad\u0131 il\u0259 birba\u015fa ba\u011fl\u0131 oldu\u011funu bildir\u0259r\u0259k, q\u0259dim elm v\u0259 m\u0259d\u0259niyy\u0259t m\u0259rk\u0259zi olan G\u0259nc\u0259d\u0259 ke\u00e7iril\u0259n beyn\u0259lxalq elmi konfrans\u0131n i\u015fin\u0259 u\u011furlar arzu etdi.<\/p>\n<p>T\u00fcrkiy\u0259 Respublikas\u0131n\u0131n \u0130\u011fd\u0131r Universitetinin rektoru Mehmet Hakk\u0131 r\u0259hb\u0259rlik etdiyi universitetd\u0259ki t\u0259hsil sistemi v\u0259 f\u0259aliyy\u0259tind\u0259n, \u00f6lk\u0259mizd\u0259ki ali t\u0259hsil ocaqlar\u0131 il\u0259 \u0259m\u0259kda\u015fl\u0131q etm\u0259y\u0259 haz\u0131r oldu\u011fundan, G\u00fcrc\u00fcstan Respublikas\u0131n\u0131n Telavi D\u00f6vl\u0259t Universitetinin t\u0259bi\u0259t v\u0259 d\u0259qiq elml\u0259r fak\u00fclt\u0259sinin dekan\u0131 Maqda Davita\u015fvili G\u0259nc\u0259 D\u00f6vl\u0259t Universiteti il\u0259 olan \u0259m\u0259kda\u015fl\u0131\u011f\u0131n\u0131n inki\u015faf\u0131ndan, Voronej D\u00f6vl\u0259t Universitetinin professoru kimya eliml\u0259ri doktoru Aleksandr Zavrajnov \u201c\u00c7ox komponentli sisteml\u0259rin faza diaqramlar\u0131n\u0131n t\u0259dqiqinin b\u0259zi yeni \u00fcsullar\u0131\u201dndan, AMEA Neft-Kimya Prosesl\u0259ri \u0130nstitunun direktoru akademik Vaqif Abbasov \u201cKimyan\u0131n dig\u0259r f\u0259nl\u0259rl\u0259 \u0259laq\u0259li t\u0259drisind\u0259 informasiya texnologiyalar\u0131ndan istifad\u0259 prespektivl\u0259ri\u201dnd\u0259n, G\u0259nc\u0259 D\u00f6vl\u0259t Universitetinin kafedra m\u00fcdiri, AMEA-n\u0131n m\u00fcxbir \u00fczv\u00fc Vaqif Novruzov \u201cHeyd\u0259r \u018fliyev- bioloji m\u00fcxt\u0259liflik v\u0259 ekoloji stabillik strategiyas\u0131\u201dndan b\u0259hs ed\u0259n m\u0259ruz\u0259l\u0259ri dinl\u0259nildi.Sonda beyn\u0259lxalq elmi konfrans\u0131n q\u0259tnam\u0259si oxundu.<\/p>\n","protected":false},"excerpt":{"rendered":"<p>04-05 may 2017-ci il tarixl\u0259rind\u0259 G\u0259nc\u0259 D\u00f6vl\u0259t Universiteti t\u0259r\u0259find\u0259n \u201cG\u0259nc\u0259 MDB-nin M\u0259d\u0259niyy\u0259t Paytaxt\u0131 2017\u201d layih\u0259si \u00e7\u0259r\u00e7iv\u0259sind\u0259 \u00dcmummilli lider Heyd\u0259r \u018fliyevin anadan olmas\u0131n\u0131n 94-c\u00fc ild\u00f6n\u00fcm\u00fcn\u0259 h\u0259sr olunmu\u015f \u201cM\u00fcasir t\u0259bi\u0259t elml\u0259rinin aktual probleml\u0259ri\u201d m\u00f6vzusunda ke\u00e7iril\u0259n\u00a0 beyn\u0259lxalq elmi konfransda Rusiya, T\u00fcrkiy\u0259, Ukrayna, G\u00fcrc\u00fcstan, Fransa v\u0259 \u0130spaniyadan olan 150 n\u00fcmay\u0259nd\u0259 i\u015ftirak etmi\u015fdir. \u0130\u015ftirak\u00e7\u0131lar konfrans ba\u015flamazdan \u0259vv\u0259l ulu \u00f6nd\u0259r Heyd\u0259r [&hellip;]<\/p>\n","protected":false},"author":3,"featured_media":0,"comment_status":"open","ping_status":"open","sticky":false,"template":"","format":"standard","meta":{"footnotes":""},"categories":[1],"tags":[],"_links":{"self":[{"href":"https:\/\/bkf.gdu.edu.az\/index.php?rest_route=\/wp\/v2\/posts\/1739"}],"collection":[{"href":"https:\/\/bkf.gdu.edu.az\/index.php?rest_route=\/wp\/v2\/posts"}],"about":[{"href":"https:\/\/bkf.gdu.edu.az\/index.php?rest_route=\/wp\/v2\/types\/post"}],"author":[{"embeddable":true,"href":"https:\/\/bkf.gdu.edu.az\/index.php?rest_route=\/wp\/v2\/users\/3"}],"replies":[{"embeddable":true,"href":"https:\/\/bkf.gdu.edu.az\/index.php?rest_route=%2Fwp%2Fv2%2Fcomments&post=1739"}],"version-history":[{"count":2,"href":"https:\/\/bkf.gdu.edu.az\/index.php?rest_route=\/wp\/v2\/posts\/1739\/revisions"}],"predecessor-version":[{"id":1747,"href":"https:\/\/bkf.gdu.edu.az\/index.php?rest_route=\/wp\/v2\/posts\/1739\/revisions\/1747"}],"wp:attachment":[{"href":"https:\/\/bkf.gdu.edu.az\/index.php?rest_route=%2Fwp%2Fv2%2Fmedia&parent=1739"}],"wp:term":[{"taxonomy":"category","embeddable":true,"href":"https:\/\/bkf.gdu.edu.az\/index.php?rest_route=%2Fwp%2Fv2%2Fcategories&post=1739"},{"taxonomy":"post_tag","embeddable":true,"href":"https:\/\/bkf.gdu.edu.az\/index.php?rest_route=%2Fwp%2Fv2%2Ftags&post=1739"}],"curies":[{"name":"wp","href":"https:\/\/api.w.org\/{rel}","templated":true}]}}