{"id":2317,"date":"2018-03-09T11:50:01","date_gmt":"2018-03-09T09:50:01","guid":{"rendered":"http:\/\/bkf.gdu.edu.az\/?p=2317"},"modified":"2018-03-09T11:50:01","modified_gmt":"2018-03-09T09:50:01","slug":"8-mart-beyn%c9%99lxalq-qadinlar-gunu-munasib%c9%99til%c9%99-ekologiya-v%c9%99-t%c9%99bi%c9%99ti-muhafiz%c9%99-kafedrasinda-t%c9%99dbir-kecirildi","status":"publish","type":"post","link":"https:\/\/bkf.gdu.edu.az\/?p=2317","title":{"rendered":"8  MART BEYN\u018fLXALQ QADINLAR G\u00dcN\u00dc  M\u00dcNAS\u0130B\u018fT\u0130L\u018f EKOLOG\u0130YA V\u018f T\u018fB\u0130\u018fT\u0130 M\u00dcHAF\u0130Z\u018f KAFEDRASINda T\u018fDB\u0130R ke\u00e7irildi"},"content":{"rendered":"<p><a href=\"http:\/\/bkf.gdu.edu.az\/wp-content\/uploads\/2018\/03\/DSC_6483.jpg\"><img loading=\"lazy\" decoding=\"async\" class=\"size-medium wp-image-2318\" src=\"http:\/\/bkf.gdu.edu.az\/wp-content\/uploads\/2018\/03\/DSC_6483-300x201.jpg\" alt=\"????????????????????????????????????\" width=\"300\" height=\"201\" srcset=\"https:\/\/bkf.gdu.edu.az\/wp-content\/uploads\/2018\/03\/DSC_6483-300x201.jpg 300w, https:\/\/bkf.gdu.edu.az\/wp-content\/uploads\/2018\/03\/DSC_6483-480x320.jpg 480w, https:\/\/bkf.gdu.edu.az\/wp-content\/uploads\/2018\/03\/DSC_6483-320x213.jpg 320w, https:\/\/bkf.gdu.edu.az\/wp-content\/uploads\/2018\/03\/DSC_6483-240x160.jpg 240w, https:\/\/bkf.gdu.edu.az\/wp-content\/uploads\/2018\/03\/DSC_6483.jpg 512w\" sizes=\"(max-width: 300px) 100vw, 300px\" \/><\/a><\/p>\n<p><em><u>8\u00a0 MART BEYN\u018fLXALQ QADINLAR G\u00dcN\u00dc<\/u><\/em>\u00a0 M\u00dcNAS\u0130B\u018fT\u0130L\u018f EKOLOG\u0130YA V\u018f T\u018fB\u0130\u018fT\u0130 M\u00dcHAF\u0130Z\u018f KAFEDRASININ \u018fMAKDA\u015eLARI KAFEDRADA T\u018fDB\u0130R T\u018f\u015eK\u0130L ETM\u0130\u015eD\u0130R. T\u0259dbir\u0259 universitetin humanitar m\u0259s\u0259l\u0259l\u0259r \u00fczr\u0259 prorektoru dos. G\u00fcls\u00fcm F\u0259t\u0259liyeva da qat\u0131lm\u0131\u015fd\u0131r.<\/p>\n","protected":false},"excerpt":{"rendered":"<p>8\u00a0 MART BEYN\u018fLXALQ QADINLAR G\u00dcN\u00dc\u00a0 M\u00dcNAS\u0130B\u018fT\u0130L\u018f EKOLOG\u0130YA V\u018f T\u018fB\u0130\u018fT\u0130 M\u00dcHAF\u0130Z\u018f KAFEDRASININ \u018fMAKDA\u015eLARI KAFEDRADA T\u018fDB\u0130R T\u018f\u015eK\u0130L ETM\u0130\u015eD\u0130R. T\u0259dbir\u0259 universitetin humanitar m\u0259s\u0259l\u0259l\u0259r \u00fczr\u0259 prorektoru dos. G\u00fcls\u00fcm F\u0259t\u0259liyeva da qat\u0131lm\u0131\u015fd\u0131r.<\/p>\n","protected":false},"author":3,"featured_media":0,"comment_status":"open","ping_status":"open","sticky":false,"template":"","format":"standard","meta":{"footnotes":""},"categories":[3],"tags":[],"_links":{"self":[{"href":"https:\/\/bkf.gdu.edu.az\/index.php?rest_route=\/wp\/v2\/posts\/2317"}],"collection":[{"href":"https:\/\/bkf.gdu.edu.az\/index.php?rest_route=\/wp\/v2\/posts"}],"about":[{"href":"https:\/\/bkf.gdu.edu.az\/index.php?rest_route=\/wp\/v2\/types\/post"}],"author":[{"embeddable":true,"href":"https:\/\/bkf.gdu.edu.az\/index.php?rest_route=\/wp\/v2\/users\/3"}],"replies":[{"embeddable":true,"href":"https:\/\/bkf.gdu.edu.az\/index.php?rest_route=%2Fwp%2Fv2%2Fcomments&post=2317"}],"version-history":[{"count":2,"href":"https:\/\/bkf.gdu.edu.az\/index.php?rest_route=\/wp\/v2\/posts\/2317\/revisions"}],"predecessor-version":[{"id":2320,"href":"https:\/\/bkf.gdu.edu.az\/index.php?rest_route=\/wp\/v2\/posts\/2317\/revisions\/2320"}],"wp:attachment":[{"href":"https:\/\/bkf.gdu.edu.az\/index.php?rest_route=%2Fwp%2Fv2%2Fmedia&parent=2317"}],"wp:term":[{"taxonomy":"category","embeddable":true,"href":"https:\/\/bkf.gdu.edu.az\/index.php?rest_route=%2Fwp%2Fv2%2Fcategories&post=2317"},{"taxonomy":"post_tag","embeddable":true,"href":"https:\/\/bkf.gdu.edu.az\/index.php?rest_route=%2Fwp%2Fv2%2Ftags&post=2317"}],"curies":[{"name":"wp","href":"https:\/\/api.w.org\/{rel}","templated":true}]}}