{"id":2425,"date":"2018-04-27T07:21:44","date_gmt":"2018-04-27T05:21:44","guid":{"rendered":"http:\/\/bkf.gdu.edu.az\/?p=2425"},"modified":"2018-04-27T07:21:44","modified_gmt":"2018-04-27T05:21:44","slug":"26-aprel-2018","status":"publish","type":"post","link":"https:\/\/bkf.gdu.edu.az\/?p=2425","title":{"rendered":"26 aprel 2018"},"content":{"rendered":"<p><a href=\"http:\/\/bkf.gdu.edu.az\/wp-content\/uploads\/2018\/04\/20180426_110815.jpg\"><img loading=\"lazy\" decoding=\"async\" class=\"alignnone size-medium wp-image-2426\" src=\"http:\/\/bkf.gdu.edu.az\/wp-content\/uploads\/2018\/04\/20180426_110815-300x225.jpg\" alt=\"20180426_110815\" width=\"300\" height=\"225\" srcset=\"https:\/\/bkf.gdu.edu.az\/wp-content\/uploads\/2018\/04\/20180426_110815-300x225.jpg 300w, https:\/\/bkf.gdu.edu.az\/wp-content\/uploads\/2018\/04\/20180426_110815.jpg 512w, https:\/\/bkf.gdu.edu.az\/wp-content\/uploads\/2018\/04\/20180426_110815-480x360.jpg 480w, https:\/\/bkf.gdu.edu.az\/wp-content\/uploads\/2018\/04\/20180426_110815-320x240.jpg 320w, https:\/\/bkf.gdu.edu.az\/wp-content\/uploads\/2018\/04\/20180426_110815-240x180.jpg 240w\" sizes=\"(max-width: 300px) 100vw, 300px\" \/><\/a><\/p>\n<p><strong>\u00a0 <\/strong>26 aprel 2018-ci il tarixd\u0259 Biologiya-kimya fak\u00fclt\u0259si Elmi \u015furas\u0131n\u0131n iclas\u0131 oldu.<\/p>\n<p><strong>G\u00fcnd\u0259lik m\u0259s\u0259l\u0259l\u0259r<\/strong><\/p>\n<ol>\n<li>\u00dcmummilli lider Heyd\u0259r \u018fliyevin anadan olmas\u0131n\u0131n 95 illiyin\u0259 h\u0259sr olunmu\u015f konfransa haz\u0131rl\u0131q i\u015fl\u0259rinin apar\u0131lmas\u0131<\/li>\n<\/ol>\n<ol start=\"2\">\n<li>\u0130xtisas kafedralar\u0131nda ke\u00e7irilmi\u015f a\u00e7\u0131q d\u0259rsl\u0259rin n\u0259tic\u0259l\u0259ri<\/li>\n<\/ol>\n<ol start=\"3\">\n<li>2018-2019-cu t\u0259dris ili \u00fc\u00e7\u00fcn se\u00e7imi apar\u0131lm\u0131\u015f f\u0259nl\u0259rin (se\u00e7m\u0259 f\u0259nl\u0259rin) m\u00fczakir\u0259 v\u0259 t\u0259sdiqi<\/li>\n<\/ol>\n<ol start=\"4\">\n<li>Yaz semestri \u00fc\u00e7\u00fcn planla\u015fd\u0131r\u0131lm\u0131\u015f d\u0259rs saatlar\u0131n\u0131n icra v\u0259ziyy\u0259ti<\/li>\n<\/ol>\n<ol start=\"5\">\n<li>\u0130xtisas kafedralar\u0131nda burax\u0131l\u0131\u015f i\u015fi v\u0259 magistr dissertasiyalar\u0131n\u0131n icras\u0131, D\u00f6vl\u0259t imtahanlar\u0131na apar\u0131lan haz\u0131rl\u0131q i\u015fl\u0259ri<\/li>\n<\/ol>\n<ol start=\"6\">\n<li>Q\u00fcvv\u0259d\u0259 olan (2014-c\u00fc ild\u0259 t\u0259sdiq edilmi\u015f) t\u0259dris planlar\u0131nda VIII semestr\u0259 planla\u015fd\u0131r\u0131lm\u0131\u015f t\u0259cr\u00fcb\u0259l\u0259rin icra v\u0259ziyy\u0259ti<\/li>\n<\/ol>\n<ol start=\"7\">\n<li>Kimya v\u0259 biologiya m\u00fc\u0259llimliyi ixtisas\u0131 \u00fczr\u0259 t\u0259dris plan\u0131nda IX semestr\u0259 (V kursda) planla\u015fd\u0131r\u0131lm\u0131\u015f se\u00e7m\u0259 f\u0259nl\u0259rd\u0259n pedaqoji f\u0259nl\u0259r b\u00f6l\u00fcm\u00fcn\u0259 daxil edilmi\u015f laborator m\u0259\u015f\u011f\u0259l\u0259 saat\u0131n\u0131n (M\u00fcasir t\u0259lim texnologiyalar\u0131 v\u0259 ya t\u0259drisi idar\u0259etm\u0259nin \u0259saslar\u0131 f\u0259nl\u0259rind\u0259n) seminar m\u0259\u015f\u011f\u0259l\u0259si kimi t\u0259drisinin t\u0259\u015fkil edilm\u0259si<\/li>\n<\/ol>\n<ol start=\"8\">\n<li>Professor-m\u00fc\u0259llim hey\u0259tinin se\u00e7kisi<\/li>\n<li>Cari m\u0259s\u0259l\u0259l\u0259r<\/li>\n<\/ol>\n<p><strong>\u00a0<\/strong><strong>\u00a0 \u00a0\u00a0<u>\u0130\u015eT\u0130RAK ETD\u0130L\u018fR<\/u>:<\/strong><\/p>\n<p><strong>\u00a0 \u00a0 <u>Elmi \u015fura \u00fczvl\u0259ri:<\/u><\/strong><\/p>\n<ol>\n<li>\u0130.Alverdiyev<\/li>\n<li>M.H\u0259s\u0259nov<\/li>\n<li>V.Novruzov<\/li>\n<li>V.M\u0259mm\u0259dova<\/li>\n<li>Dos.M\u0259mm\u0259dova<\/li>\n<li>S.\u018fhm\u0259dova<\/li>\n<li>Dos.Z.\u0130smay\u0131lova<\/li>\n<li>Dos.M.Qaz\u0131yev<\/li>\n<li>A.Bayramova<\/li>\n<li>B\/m.Y. Aslanova<\/li>\n<li>E.C\u0259f\u0259rov<\/li>\n<li>N.\u018fl\u0259kb\u0259rov<\/li>\n<li>M.V\u0259liyev<\/li>\n<li>T.Ta\u011f\u0131yev<\/li>\n<li>S.\u0130brahimli<\/li>\n<li>T.R\u00fcst\u0259mova<\/li>\n<li>B\/m.Z.\u018fliyeva<\/li>\n<li>Muradl\u0131<\/li>\n<\/ol>\n","protected":false},"excerpt":{"rendered":"<p>\u00a0 26 aprel 2018-ci il tarixd\u0259 Biologiya-kimya fak\u00fclt\u0259si Elmi \u015furas\u0131n\u0131n iclas\u0131 oldu. G\u00fcnd\u0259lik m\u0259s\u0259l\u0259l\u0259r \u00dcmummilli lider Heyd\u0259r \u018fliyevin anadan olmas\u0131n\u0131n 95 illiyin\u0259 h\u0259sr olunmu\u015f konfransa haz\u0131rl\u0131q i\u015fl\u0259rinin apar\u0131lmas\u0131 \u0130xtisas kafedralar\u0131nda ke\u00e7irilmi\u015f a\u00e7\u0131q d\u0259rsl\u0259rin n\u0259tic\u0259l\u0259ri 2018-2019-cu t\u0259dris ili \u00fc\u00e7\u00fcn se\u00e7imi apar\u0131lm\u0131\u015f f\u0259nl\u0259rin (se\u00e7m\u0259 f\u0259nl\u0259rin) m\u00fczakir\u0259 v\u0259 t\u0259sdiqi Yaz semestri \u00fc\u00e7\u00fcn planla\u015fd\u0131r\u0131lm\u0131\u015f d\u0259rs saatlar\u0131n\u0131n icra v\u0259ziyy\u0259ti \u0130xtisas [&hellip;]<\/p>\n","protected":false},"author":3,"featured_media":0,"comment_status":"open","ping_status":"open","sticky":false,"template":"","format":"standard","meta":{"footnotes":""},"categories":[3],"tags":[],"_links":{"self":[{"href":"https:\/\/bkf.gdu.edu.az\/index.php?rest_route=\/wp\/v2\/posts\/2425"}],"collection":[{"href":"https:\/\/bkf.gdu.edu.az\/index.php?rest_route=\/wp\/v2\/posts"}],"about":[{"href":"https:\/\/bkf.gdu.edu.az\/index.php?rest_route=\/wp\/v2\/types\/post"}],"author":[{"embeddable":true,"href":"https:\/\/bkf.gdu.edu.az\/index.php?rest_route=\/wp\/v2\/users\/3"}],"replies":[{"embeddable":true,"href":"https:\/\/bkf.gdu.edu.az\/index.php?rest_route=%2Fwp%2Fv2%2Fcomments&post=2425"}],"version-history":[{"count":1,"href":"https:\/\/bkf.gdu.edu.az\/index.php?rest_route=\/wp\/v2\/posts\/2425\/revisions"}],"predecessor-version":[{"id":2427,"href":"https:\/\/bkf.gdu.edu.az\/index.php?rest_route=\/wp\/v2\/posts\/2425\/revisions\/2427"}],"wp:attachment":[{"href":"https:\/\/bkf.gdu.edu.az\/index.php?rest_route=%2Fwp%2Fv2%2Fmedia&parent=2425"}],"wp:term":[{"taxonomy":"category","embeddable":true,"href":"https:\/\/bkf.gdu.edu.az\/index.php?rest_route=%2Fwp%2Fv2%2Fcategories&post=2425"},{"taxonomy":"post_tag","embeddable":true,"href":"https:\/\/bkf.gdu.edu.az\/index.php?rest_route=%2Fwp%2Fv2%2Ftags&post=2425"}],"curies":[{"name":"wp","href":"https:\/\/api.w.org\/{rel}","templated":true}]}}