{"id":3713,"date":"2021-04-28T10:54:36","date_gmt":"2021-04-28T08:54:36","guid":{"rendered":"http:\/\/bkf.gdu.edu.az\/?p=3713"},"modified":"2021-04-28T10:54:38","modified_gmt":"2021-04-28T08:54:38","slug":"elmi-sura-28-04-21","status":"publish","type":"post","link":"https:\/\/bkf.gdu.edu.az\/?p=3713","title":{"rendered":"elmi \u015fura  28.04.21"},"content":{"rendered":"\n<p><strong>\u00a0PROTOKOL \u00a0\u21166<\/strong><\/p>\n\n\n\n<p><strong>B \u0130 L D \u0130 R \u0130 \u015e<\/strong><\/p>\n\n\n\n<p>&nbsp; &nbsp;&nbsp;&nbsp;&nbsp;28 aprel 2021-ci il tarixd\u0259 saat 12<sup>00<\/sup>-da Biologiya-kimya fak\u00fclt\u0259si Elmi \u015furas\u0131n\u0131n onlayn iclas\u0131 oldu.&nbsp;&nbsp;&nbsp;&nbsp;&nbsp;<\/p>\n\n\n\n<p><strong>G\u00fcnd\u0259lik m\u0259s\u0259l\u0259l\u0259r<\/strong><\/p>\n\n\n\n<p>1. \u00dcmummilli lider Heyd\u0259r \u018fliyevin anadan olmas\u0131n\u0131n 98-ci ild\u00f6n\u00fcm\u00fcn\u0259 haz\u0131rl\u0131q i\u015fl\u0259rinin apar\u0131lmas\u0131<\/p>\n\n\n\n<p>2. Fak\u00fclt\u0259d\u0259 onlayn qaydada ke\u00e7il\u0259n d\u0259rsl\u0259r\u0259 dair apar\u0131lan n\u0259zar\u0259t i\u015fl\u0259ri v\u0259 toplanan m\u0259lumatlar\u0131n t\u0259hlili&nbsp;&nbsp;&nbsp;&nbsp;&nbsp;&nbsp;&nbsp;&nbsp;&nbsp;&nbsp;&nbsp;&nbsp;&nbsp;&nbsp;<\/p>\n\n\n\n<p>3. 2021-2022-ci t\u0259dris ili \u00fc\u00e7\u00fcn se\u00e7imi apar\u0131lm\u0131\u015f f\u0259nl\u0259rin (se\u00e7m\u0259 f\u0259nl\u0259rin) m\u00fczakir\u0259 v\u0259 t\u0259sdiqi&nbsp;&nbsp;&nbsp;&nbsp;&nbsp;&nbsp;&nbsp;&nbsp;&nbsp;&nbsp;&nbsp;<\/p>\n\n\n\n<p>4. Yaz semestri \u00fc\u00e7\u00fcn planla\u015fd\u0131r\u0131lm\u0131\u015f d\u0259rs saatlar\u0131n\u0131n icra v\u0259ziyy\u0259ti&nbsp;&nbsp;&nbsp;&nbsp;&nbsp;&nbsp;&nbsp;&nbsp;&nbsp;&nbsp;&nbsp;&nbsp;&nbsp;&nbsp;<\/p>\n\n\n\n<p>5. \u0130xtisas kafedralar\u0131nda burax\u0131l\u0131\u015f i\u015fi v\u0259 magistr dissertasiyalar\u0131n\u0131n icras\u0131, d\u00f6vl\u0259t imtahanlar\u0131na apar\u0131lan haz\u0131rl\u0131q i\u015fl\u0259rinin yekunla\u015fd\u0131r\u0131lmas\u0131&nbsp;&nbsp;&nbsp;&nbsp;&nbsp;&nbsp;&nbsp;&nbsp;&nbsp;&nbsp;&nbsp;<\/p>\n\n\n\n<p>6. Q\u00fcvv\u0259d\u0259 olan (2014-c\u00fc ild\u0259 t\u0259sdiq edilmi\u015f) t\u0259dris planlar\u0131nda VIII semestr\u0259 planla\u015fd\u0131r\u0131lm\u0131\u015f t\u0259cr\u00fcb\u0259l\u0259rin icra v\u0259ziyy\u0259ti &nbsp;&nbsp;&nbsp;&nbsp;&nbsp;&nbsp;&nbsp;&nbsp;&nbsp;&nbsp;<\/p>\n\n\n\n<p>7. Professor-m\u00fc\u0259llim hey\u0259tinin se\u00e7kisi&nbsp;&nbsp;&nbsp;&nbsp;&nbsp;<\/p>\n\n\n\n<p>8. Cari m\u0259s\u0259l\u0259l\u0259r&nbsp;&nbsp;&nbsp;&nbsp;&nbsp;&nbsp;&nbsp;&nbsp;&nbsp;&nbsp;&nbsp;&nbsp;&nbsp;&nbsp;<\/p>\n\n\n\n<p><strong>&nbsp;&nbsp;&nbsp;&nbsp;&nbsp;&nbsp;&nbsp;&nbsp;&nbsp;&nbsp;&nbsp;&nbsp;&nbsp;&nbsp;&nbsp;&nbsp;&nbsp;&nbsp;&nbsp;&nbsp;&nbsp;&nbsp; <u>\u0130\u015eT\u0130RAK ETD\u0130L\u018fR<\/u>:<\/strong><\/p>\n\n\n\n<p><strong>\u00a0\u00a0\u00a0\u00a0\u00a0\u00a0\u00a0\u00a0\u00a0\u00a0\u00a0\u00a0\u00a0\u00a0\u00a0 <u>Elmi \u015fura \u00fczvl\u0259ri:<\/u><\/strong><\/p>\n\n\n\n<ol type=\"1\"><li>Dos.\u0130.Alverdiyev<\/li><li>Dos.M.H\u0259s\u0259nov<\/li><li>Prof.V.Novruzov<\/li><li>Prof.S.\u018fhm\u0259dova<\/li><li>B.e.d. dos.V.M\u0259mm\u0259dova<\/li><li>Dos.Z.\u0130smay\u0131lova<\/li><li>dos.A.M\u0259mm\u0259dova<\/li><li>B.e.d.dos.A.Bayramova<\/li><li>Dos.T.R\u00fcst\u0259mova<\/li><li>Dos.Q.Qurbanov<\/li><li>Dos.S.\u0130brahimli<\/li><li>Dos.M.V\u0259liyev<\/li><li>Dos.M.Rzayeva<\/li><li>Dos.F.Qas\u0131mova<\/li><li>Dos.\u0259v.Y. Aslanova<\/li><li>B\/m.Z.\u018fliyeva<\/li><li>L.\u018fl\u0259kb\u0259rova<\/li><\/ol>\n","protected":false},"excerpt":{"rendered":"<p>\u00a0PROTOKOL \u00a0\u21166 B \u0130 L D \u0130 R \u0130 \u015e &nbsp; &nbsp;&nbsp;&nbsp;&nbsp;28 aprel 2021-ci il tarixd\u0259 saat 1200-da Biologiya-kimya fak\u00fclt\u0259si Elmi \u015furas\u0131n\u0131n onlayn iclas\u0131 oldu.&nbsp;&nbsp;&nbsp;&nbsp;&nbsp; G\u00fcnd\u0259lik m\u0259s\u0259l\u0259l\u0259r 1. \u00dcmummilli lider Heyd\u0259r \u018fliyevin anadan olmas\u0131n\u0131n 98-ci ild\u00f6n\u00fcm\u00fcn\u0259 haz\u0131rl\u0131q i\u015fl\u0259rinin apar\u0131lmas\u0131 2. Fak\u00fclt\u0259d\u0259 onlayn qaydada ke\u00e7il\u0259n d\u0259rsl\u0259r\u0259 dair apar\u0131lan n\u0259zar\u0259t i\u015fl\u0259ri v\u0259 toplanan m\u0259lumatlar\u0131n t\u0259hlili&nbsp;&nbsp;&nbsp;&nbsp;&nbsp;&nbsp;&nbsp;&nbsp;&nbsp;&nbsp;&nbsp;&nbsp;&nbsp;&nbsp; 3. 2021-2022-ci [&hellip;]<\/p>\n","protected":false},"author":3,"featured_media":0,"comment_status":"closed","ping_status":"open","sticky":false,"template":"","format":"standard","meta":{"footnotes":""},"categories":[9],"tags":[],"_links":{"self":[{"href":"https:\/\/bkf.gdu.edu.az\/index.php?rest_route=\/wp\/v2\/posts\/3713"}],"collection":[{"href":"https:\/\/bkf.gdu.edu.az\/index.php?rest_route=\/wp\/v2\/posts"}],"about":[{"href":"https:\/\/bkf.gdu.edu.az\/index.php?rest_route=\/wp\/v2\/types\/post"}],"author":[{"embeddable":true,"href":"https:\/\/bkf.gdu.edu.az\/index.php?rest_route=\/wp\/v2\/users\/3"}],"replies":[{"embeddable":true,"href":"https:\/\/bkf.gdu.edu.az\/index.php?rest_route=%2Fwp%2Fv2%2Fcomments&post=3713"}],"version-history":[{"count":1,"href":"https:\/\/bkf.gdu.edu.az\/index.php?rest_route=\/wp\/v2\/posts\/3713\/revisions"}],"predecessor-version":[{"id":3714,"href":"https:\/\/bkf.gdu.edu.az\/index.php?rest_route=\/wp\/v2\/posts\/3713\/revisions\/3714"}],"wp:attachment":[{"href":"https:\/\/bkf.gdu.edu.az\/index.php?rest_route=%2Fwp%2Fv2%2Fmedia&parent=3713"}],"wp:term":[{"taxonomy":"category","embeddable":true,"href":"https:\/\/bkf.gdu.edu.az\/index.php?rest_route=%2Fwp%2Fv2%2Fcategories&post=3713"},{"taxonomy":"post_tag","embeddable":true,"href":"https:\/\/bkf.gdu.edu.az\/index.php?rest_route=%2Fwp%2Fv2%2Ftags&post=3713"}],"curies":[{"name":"wp","href":"https:\/\/api.w.org\/{rel}","templated":true}]}}