{"id":4634,"date":"2023-01-19T15:20:31","date_gmt":"2023-01-19T13:20:31","guid":{"rendered":"https:\/\/bkf.gdu.edu.az\/?p=4634"},"modified":"2023-01-19T15:20:33","modified_gmt":"2023-01-19T13:20:33","slug":"20-yanvar-qan-yaddasimiz-3","status":"publish","type":"post","link":"https:\/\/bkf.gdu.edu.az\/?p=4634","title":{"rendered":"20 YANVAR-QAN YADDA\u015eIMIZ!"},"content":{"rendered":"\n<figure class=\"wp-block-image size-full\"><img loading=\"lazy\" decoding=\"async\" width=\"717\" height=\"529\" src=\"https:\/\/bkf.gdu.edu.az\/wp-content\/uploads\/2023\/01\/1674133878996.jpg\" alt=\"\" class=\"wp-image-4635\"\/><\/figure>\n\n\n\n<p>Qanl\u0131 Yanvar v\u0259 ya 20 Yanvar faci\u0259si-1990-c\u0131 il yanvar\u0131n 19-dan 20-n\u0259 ke\u00e7\u0259n gec\u0259, Bak\u0131 \u015f\u0259h\u0259rin\u0259 ke\u00e7mi\u015f Sovet \u0130ttifaq\u0131n\u0131n qo\u015fun hiss\u0259l\u0259ri t\u0259r\u0259find\u0259n f\u00f6vq\u0259lad\u0259 v\u0259ziyy\u0259t elan edilm\u0259d\u0259n yeridilmi\u015f v\u0259 dinc \u0259haliy\u0259 divan tutulmu\u015fdur. \u00c7oxlu sayda insan q\u0259tl\u0259 yetirilmi\u015fdir.<\/p>\n\n\n\n<p>Bu t\u0259cav\u00fczkarl\u0131q siyas\u0259ti Az\u0259rbaycan xalq\u0131n\u0131n milli azadl\u0131q u\u011frunda m\u00fcbariz\u0259sini bo\u011fmaq m\u0259qs\u0259di da\u015f\u0131m\u0131\u015fd\u0131r. Lakin bu hadis\u0259 bizim m\u00fcst\u0259qillik yolunda g\u00f6rd\u00fcy\u00fcm\u00fcz i\u015fl\u0259ri s\u00fcr\u0259tl\u0259ndirdi.<\/p>\n","protected":false},"excerpt":{"rendered":"<p>Qanl\u0131 Yanvar v\u0259 ya 20 Yanvar faci\u0259si-1990-c\u0131 il yanvar\u0131n 19-dan 20-n\u0259 ke\u00e7\u0259n gec\u0259, Bak\u0131 \u015f\u0259h\u0259rin\u0259 ke\u00e7mi\u015f Sovet \u0130ttifaq\u0131n\u0131n qo\u015fun hiss\u0259l\u0259ri t\u0259r\u0259find\u0259n f\u00f6vq\u0259lad\u0259 v\u0259ziyy\u0259t elan edilm\u0259d\u0259n yeridilmi\u015f v\u0259 dinc \u0259haliy\u0259 divan tutulmu\u015fdur. \u00c7oxlu sayda insan q\u0259tl\u0259 yetirilmi\u015fdir. Bu t\u0259cav\u00fczkarl\u0131q siyas\u0259ti Az\u0259rbaycan xalq\u0131n\u0131n milli azadl\u0131q u\u011frunda m\u00fcbariz\u0259sini bo\u011fmaq m\u0259qs\u0259di da\u015f\u0131m\u0131\u015fd\u0131r. Lakin bu hadis\u0259 bizim m\u00fcst\u0259qillik yolunda g\u00f6rd\u00fcy\u00fcm\u00fcz [&hellip;]<\/p>\n","protected":false},"author":3,"featured_media":4635,"comment_status":"closed","ping_status":"open","sticky":false,"template":"","format":"standard","meta":{"footnotes":""},"categories":[3],"tags":[],"_links":{"self":[{"href":"https:\/\/bkf.gdu.edu.az\/index.php?rest_route=\/wp\/v2\/posts\/4634"}],"collection":[{"href":"https:\/\/bkf.gdu.edu.az\/index.php?rest_route=\/wp\/v2\/posts"}],"about":[{"href":"https:\/\/bkf.gdu.edu.az\/index.php?rest_route=\/wp\/v2\/types\/post"}],"author":[{"embeddable":true,"href":"https:\/\/bkf.gdu.edu.az\/index.php?rest_route=\/wp\/v2\/users\/3"}],"replies":[{"embeddable":true,"href":"https:\/\/bkf.gdu.edu.az\/index.php?rest_route=%2Fwp%2Fv2%2Fcomments&post=4634"}],"version-history":[{"count":1,"href":"https:\/\/bkf.gdu.edu.az\/index.php?rest_route=\/wp\/v2\/posts\/4634\/revisions"}],"predecessor-version":[{"id":4637,"href":"https:\/\/bkf.gdu.edu.az\/index.php?rest_route=\/wp\/v2\/posts\/4634\/revisions\/4637"}],"wp:featuredmedia":[{"embeddable":true,"href":"https:\/\/bkf.gdu.edu.az\/index.php?rest_route=\/wp\/v2\/media\/4635"}],"wp:attachment":[{"href":"https:\/\/bkf.gdu.edu.az\/index.php?rest_route=%2Fwp%2Fv2%2Fmedia&parent=4634"}],"wp:term":[{"taxonomy":"category","embeddable":true,"href":"https:\/\/bkf.gdu.edu.az\/index.php?rest_route=%2Fwp%2Fv2%2Fcategories&post=4634"},{"taxonomy":"post_tag","embeddable":true,"href":"https:\/\/bkf.gdu.edu.az\/index.php?rest_route=%2Fwp%2Fv2%2Ftags&post=4634"}],"curies":[{"name":"wp","href":"https:\/\/api.w.org\/{rel}","templated":true}]}}