{"id":4882,"date":"2023-07-07T13:53:52","date_gmt":"2023-07-07T11:53:52","guid":{"rendered":"https:\/\/bkf.gdu.edu.az\/?p=4882"},"modified":"2023-07-07T13:53:53","modified_gmt":"2023-07-07T11:53:53","slug":"fakult%c9%99mizin-%c9%99m%c9%99kdaslari-tacikistanda-beyn%c9%99lxalq-elmi-seminarda-istirak-edibl%c9%99r","status":"publish","type":"post","link":"https:\/\/bkf.gdu.edu.az\/?p=4882","title":{"rendered":"fak\u00fclt\u0259mizin \u018fM\u018fKDA\u015eLARI TAC\u0130K\u0130STANDA BEYN\u018fLXALQ ELM\u0130 SEM\u0130NARDA \u0130\u015eT\u0130RAK ED\u0130BL\u018fR"},"content":{"rendered":"\n<figure class=\"wp-block-image size-full\"><img loading=\"lazy\" decoding=\"async\" width=\"614\" height=\"409\" src=\"https:\/\/bkf.gdu.edu.az\/wp-content\/uploads\/2023\/07\/IMG_4487.jpg\" alt=\"\" class=\"wp-image-4885\" srcset=\"https:\/\/bkf.gdu.edu.az\/wp-content\/uploads\/2023\/07\/IMG_4487.jpg 614w, https:\/\/bkf.gdu.edu.az\/wp-content\/uploads\/2023\/07\/IMG_4487-570x380.jpg 570w, https:\/\/bkf.gdu.edu.az\/wp-content\/uploads\/2023\/07\/IMG_4487-380x254.jpg 380w, https:\/\/bkf.gdu.edu.az\/wp-content\/uploads\/2023\/07\/IMG_4487-285x190.jpg 285w\" sizes=\"(max-width: 614px) 100vw, 614px\" \/><\/figure>\n\n\n\n<figure class=\"wp-block-image size-full\"><img loading=\"lazy\" decoding=\"async\" width=\"614\" height=\"409\" src=\"https:\/\/bkf.gdu.edu.az\/wp-content\/uploads\/2023\/07\/IMG_4579.jpg\" alt=\"\" class=\"wp-image-4886\" srcset=\"https:\/\/bkf.gdu.edu.az\/wp-content\/uploads\/2023\/07\/IMG_4579.jpg 614w, https:\/\/bkf.gdu.edu.az\/wp-content\/uploads\/2023\/07\/IMG_4579-570x380.jpg 570w, https:\/\/bkf.gdu.edu.az\/wp-content\/uploads\/2023\/07\/IMG_4579-380x254.jpg 380w, https:\/\/bkf.gdu.edu.az\/wp-content\/uploads\/2023\/07\/IMG_4579-285x190.jpg 285w\" sizes=\"(max-width: 614px) 100vw, 614px\" \/><\/figure>\n\n\n\n<figure class=\"wp-block-image size-full\"><img loading=\"lazy\" decoding=\"async\" width=\"614\" height=\"409\" src=\"https:\/\/bkf.gdu.edu.az\/wp-content\/uploads\/2023\/07\/IMG_5200.jpg\" alt=\"\" class=\"wp-image-4887\" srcset=\"https:\/\/bkf.gdu.edu.az\/wp-content\/uploads\/2023\/07\/IMG_5200.jpg 614w, https:\/\/bkf.gdu.edu.az\/wp-content\/uploads\/2023\/07\/IMG_5200-570x380.jpg 570w, https:\/\/bkf.gdu.edu.az\/wp-content\/uploads\/2023\/07\/IMG_5200-380x254.jpg 380w, https:\/\/bkf.gdu.edu.az\/wp-content\/uploads\/2023\/07\/IMG_5200-285x190.jpg 285w\" sizes=\"(max-width: 614px) 100vw, 614px\" \/><\/figure>\n\n\n\n<figure class=\"wp-block-image size-full\"><img loading=\"lazy\" decoding=\"async\" width=\"576\" height=\"432\" src=\"https:\/\/bkf.gdu.edu.az\/wp-content\/uploads\/2023\/07\/PHOTO-2023-06-20-18-52-06.jpg\" alt=\"\" class=\"wp-image-4888\"\/><\/figure>\n\n\n\n<figure class=\"wp-block-image size-full\"><img loading=\"lazy\" decoding=\"async\" width=\"461\" height=\"614\" src=\"https:\/\/bkf.gdu.edu.az\/wp-content\/uploads\/2023\/07\/WhatsApp-Image-2023-07-07-at-15.42.40.jpeg\" alt=\"\" class=\"wp-image-4889\"\/><\/figure>\n\n\n\n<p>19-26 iyun 2023-c\u00fc il tarixind\u0259 G\u0259nc\u0259 D\u00f6vl\u0259t Universitetinin Ekologiya v\u0259 t\u0259bi\u0259ti m\u00fchafiz\u0259 kafedras\u0131n\u0131n m\u00fcdiri professor Sevda \u018fhm\u0259dova, Anatomiya, fiziologiya v\u0259 zoologiya kafedras\u0131n\u0131n dosentl\u0259ri G\u00fcl\u0259bat\u0131n H\u00fcmb\u0259tova v\u0259 Lal\u0259 Abdullayeva Tacikistan\u0131n paytaxt\u0131 D\u00fc\u015f\u0259nb\u0259 \u015f\u0259h\u0259rind\u0259 ke\u00e7iril\u0259n elmi seminarda i\u015ftirak etmi\u015fl\u0259r. Burada \u0259m\u0259kda\u015flar \u00e7ox aktual m\u0259s\u0259l\u0259l\u0259r\u0259 toxunaraq m\u0259ruz\u0259l\u0259r etdil\u0259r. X\u00fcsus\u0259n, professor Sevda \u018fhm\u0259dovan\u0131n \u201c\u0130\u015f\u011faldan azad olunmu\u015f \u0259razil\u0259rin ekoloji durumu\u201d adl\u0131 m\u0259ruz\u0259si b\u00f6y\u00fck maraq do\u011furdu.<\/p>\n\n\n\n<p>Seminar\u0131n ikinci hiss\u0259si D\u00fc\u015f\u0259nb\u0259 v\u0259 onun \u0259traf\u0131n\u0131n botaniki \u0259razil\u0259ri il\u0259 (Botanika institutu, Botanika ba\u011f\u0131, Varzob da\u011fl\u0131-botaniki &#8220;Kondara&#8221; adl\u0131 stansiya, \u015f\u0259h\u0131rin muzeyi) tan\u0131\u015fl\u0131q idi. Ax\u0131r\u0131nc\u0131 g\u00fcn seminar i\u015ftirak\u00e7\u0131lar\u0131n\u0131 y\u00fcks\u0259k ba\u015f\u0131 qarl\u0131 da\u011flarda, d\u0259niz s\u0259viyy\u0259sind\u0259n 3000 m y\u00fcks\u0259klikd\u0259 yerl\u0259\u015f\u0259n &#8220;Siyakuh&#8221; adl\u0131 bioloji stansiyaya s\u0259yah\u0259t edibl\u0259r. Daha sonra Universitetimizin aliml\u0259ri D\u00fc\u015f\u0259nb\u0259 \u015f\u0259h\u0259rind\u0259 yerl\u0259\u015f\u0259n b\u00f6y\u00fck elektron kitabxanada olmu\u015f v\u0259 ondan b\u0259hr\u0259l\u0259nmi\u015fdir.<\/p>\n\n\n\n<p>Sonda \u00f6lk\u0259nin Milli Elml\u0259r Akademiyas\u0131n\u0131n Prezitenti t\u0259brik s\u00f6z\u00fc il\u0259 \u00e7\u0131x\u0131\u015f ed\u0259r\u0259k seminar i\u015ftirak\u00e7\u0131lar\u0131na t\u0259\u015f\u0259kk\u00fcr\u00fcn\u00fc bildirib. Sertifikatlar\u0131 t\u0259qdim etdi v\u0259 professor Sevda \u018fhm\u0259dova Az\u0259rbaycan deleqaysiyas\u0131n\u0131n r\u0259hb\u0259ri olaraq \u00e7\u0131x\u0131\u015f s\u00f6z\u00fc il\u0259 univetsitetimizin h\u00f6rm\u0259tli rektoru professor Yusif Yusibovun salamlar\u0131n\u0131 \u00e7atd\u0131raraq, h\u0259r il universitetimizd\u0259 ke\u00e7iril\u0259n m\u00f6ht\u0259\u015f\u0259m Beynalxalq konfrans\u0131m\u0131za ba\u015fda Akademiyan\u0131n Prezitenti olmaqla h\u0259r k\u0259si konfransda i\u015ftirak etm\u0259y\u0259 d\u0259v\u0259t edib.<\/p>\n","protected":false},"excerpt":{"rendered":"<p>19-26 iyun 2023-c\u00fc il tarixind\u0259 G\u0259nc\u0259 D\u00f6vl\u0259t Universitetinin Ekologiya v\u0259 t\u0259bi\u0259ti m\u00fchafiz\u0259 kafedras\u0131n\u0131n m\u00fcdiri professor Sevda \u018fhm\u0259dova, Anatomiya, fiziologiya v\u0259 zoologiya kafedras\u0131n\u0131n dosentl\u0259ri G\u00fcl\u0259bat\u0131n H\u00fcmb\u0259tova v\u0259 Lal\u0259 Abdullayeva Tacikistan\u0131n paytaxt\u0131 D\u00fc\u015f\u0259nb\u0259 \u015f\u0259h\u0259rind\u0259 ke\u00e7iril\u0259n elmi seminarda i\u015ftirak etmi\u015fl\u0259r. Burada \u0259m\u0259kda\u015flar \u00e7ox aktual m\u0259s\u0259l\u0259l\u0259r\u0259 toxunaraq m\u0259ruz\u0259l\u0259r etdil\u0259r. X\u00fcsus\u0259n, professor Sevda \u018fhm\u0259dovan\u0131n \u201c\u0130\u015f\u011faldan azad olunmu\u015f \u0259razil\u0259rin ekoloji durumu\u201d [&hellip;]<\/p>\n","protected":false},"author":3,"featured_media":4888,"comment_status":"closed","ping_status":"open","sticky":false,"template":"","format":"standard","meta":{"footnotes":""},"categories":[3],"tags":[],"_links":{"self":[{"href":"https:\/\/bkf.gdu.edu.az\/index.php?rest_route=\/wp\/v2\/posts\/4882"}],"collection":[{"href":"https:\/\/bkf.gdu.edu.az\/index.php?rest_route=\/wp\/v2\/posts"}],"about":[{"href":"https:\/\/bkf.gdu.edu.az\/index.php?rest_route=\/wp\/v2\/types\/post"}],"author":[{"embeddable":true,"href":"https:\/\/bkf.gdu.edu.az\/index.php?rest_route=\/wp\/v2\/users\/3"}],"replies":[{"embeddable":true,"href":"https:\/\/bkf.gdu.edu.az\/index.php?rest_route=%2Fwp%2Fv2%2Fcomments&post=4882"}],"version-history":[{"count":1,"href":"https:\/\/bkf.gdu.edu.az\/index.php?rest_route=\/wp\/v2\/posts\/4882\/revisions"}],"predecessor-version":[{"id":4890,"href":"https:\/\/bkf.gdu.edu.az\/index.php?rest_route=\/wp\/v2\/posts\/4882\/revisions\/4890"}],"wp:featuredmedia":[{"embeddable":true,"href":"https:\/\/bkf.gdu.edu.az\/index.php?rest_route=\/wp\/v2\/media\/4888"}],"wp:attachment":[{"href":"https:\/\/bkf.gdu.edu.az\/index.php?rest_route=%2Fwp%2Fv2%2Fmedia&parent=4882"}],"wp:term":[{"taxonomy":"category","embeddable":true,"href":"https:\/\/bkf.gdu.edu.az\/index.php?rest_route=%2Fwp%2Fv2%2Fcategories&post=4882"},{"taxonomy":"post_tag","embeddable":true,"href":"https:\/\/bkf.gdu.edu.az\/index.php?rest_route=%2Fwp%2Fv2%2Ftags&post=4882"}],"curies":[{"name":"wp","href":"https:\/\/api.w.org\/{rel}","templated":true}]}}