{"id":5663,"date":"2024-04-19T08:37:43","date_gmt":"2024-04-19T06:37:43","guid":{"rendered":"https:\/\/bkf.gdu.edu.az\/?p=5663"},"modified":"2024-04-19T08:37:44","modified_gmt":"2024-04-19T06:37:44","slug":"start-day-layih%c9%99sinin-yeni-m%c9%99rh%c9%99l%c9%99si","status":"publish","type":"post","link":"https:\/\/bkf.gdu.edu.az\/?p=5663","title":{"rendered":"&#8220;START Day&#8221; layih\u0259sinin yeni m\u0259rh\u0259l\u0259si"},"content":{"rendered":"\n<figure class=\"wp-block-image size-full\"><img loading=\"lazy\" decoding=\"async\" width=\"512\" height=\"290\" src=\"https:\/\/bkf.gdu.edu.az\/wp-content\/uploads\/2024\/04\/WhatsApp-Image-2024-04-18-at-22.34.20-1.jpeg\" alt=\"\" class=\"wp-image-5664\"\/><\/figure>\n\n\n\n<figure class=\"wp-block-image size-full\"><img loading=\"lazy\" decoding=\"async\" width=\"512\" height=\"288\" src=\"https:\/\/bkf.gdu.edu.az\/wp-content\/uploads\/2024\/04\/WhatsApp-Image-2024-04-18-at-22.34.20.jpeg\" alt=\"\" class=\"wp-image-5665\"\/><\/figure>\n\n\n\n<p>19 fevral 2024-c\u00fc il tarixind\u0259 &#8220;START Day&#8221; layih\u0259sinin final t\u0259dbiri u\u011furla h\u0259yata ke\u00e7irildi. &#8220;START Day&#8221; layih\u0259sin\u0259 2023-c\u00fc ilin sonunda start verdi. Layih\u0259 Asiya \u0130nki\u015faf Bank\u0131n\u0131n Maliyy\u0259 d\u0259st\u0259yi, Kapital Bank ASC v\u0259 G\u0259ncl\u0259r \u0130nki\u015faf Namin\u0259 \u0130ctimai birliyinin t\u0259\u015fkilat\u0131 d\u0259st\u0259yi v\u0259 innovation center ADAU t\u0259\u015fkilat\u00e7\u0131l\u0131\u011f\u0131 il\u0259 h\u0259yata ke\u00e7irildi. Final g\u00fcn\u00fc Az\u0259rbaycan D\u00f6vl\u0259t Aqrar Universitetinin rektoru c\u0259nab Z\u0259f\u0259r Qurbanov a\u00e7\u0131l\u0131\u015f nitqini s\u0259sl\u0259ndirdi, daha sonra Asiya \u0130nki\u015faf Bank\u0131n\u0131n layih\u0259l\u0259r \u00fczr\u0259 m\u00fct\u0259x\u0259ssisi S\u0259bin\u0259 Yusifova, G\u0259nc\u0259 G\u0259ncl\u0259r Evinin direktoru Amil Qurbanov, KOB\u0130A G\u0259nc\u0259-Da\u015fk\u0259s\u0259n region koordinatoru Anar \u018fliyev v\u0259 ADAU \u0130nnovasiyalar M\u0259rk\u0259zinin direktoru Elvin Agayev layih\u0259 il\u0259 ba\u011fl\u0131 fikirl\u0259rini b\u00f6l\u00fc\u015fd\u00fcl\u0259r. Layih\u0259nin \u0259sas m\u0259qs\u0259di ideya\u00e7\u0131lara f\u00fcrs\u0259tl\u0259rin yarad\u0131lmas\u0131 v\u0259 startap ekosisteminin geni\u015fl\u0259ndirilm\u0259si \u00fc\u00e7\u00fcn n\u0259z\u0259rd\u0259 tutulmu\u015fdu. Bu \u00e7\u0259r\u00e7iv\u0259d\u0259 200+ ideya\u00e7\u0131n\u0131n 60+ komandas\u0131 proqrama qo\u015fulmaq \u00fc\u00e7\u00fcn m\u00fcraci\u0259t etmi\u015fdil\u0259r. Finalda 11 f\u0259rqi ideyada yar\u0131\u015fan startap komandalar\u0131n\u0131n m\u00fcnsifl\u0259r hey\u0259ti t\u0259r\u0259find\u0259n qiym\u0259tl\u0259ndirm\u0259si n\u0259tic\u0259sind\u0259 &#8220;Ewer Green&#8221; startap\u0131 1- ci, &#8220;Laser Eye&#8221; startap\u0131 2- ci v\u0259 &#8220;ITS&#8221; startap\u0131 is\u0259 3- c\u00fc yer\u0259 layiq g\u00f6r\u00fclm\u00fc\u015fd\u00fc. Qalib olmu\u015f komandalara u\u011furlar arzu edirik!<\/p>\n","protected":false},"excerpt":{"rendered":"<p>19 fevral 2024-c\u00fc il tarixind\u0259 &#8220;START Day&#8221; layih\u0259sinin final t\u0259dbiri u\u011furla h\u0259yata ke\u00e7irildi. &#8220;START Day&#8221; layih\u0259sin\u0259 2023-c\u00fc ilin sonunda start verdi. Layih\u0259 Asiya \u0130nki\u015faf Bank\u0131n\u0131n Maliyy\u0259 d\u0259st\u0259yi, Kapital Bank ASC v\u0259 G\u0259ncl\u0259r \u0130nki\u015faf Namin\u0259 \u0130ctimai birliyinin t\u0259\u015fkilat\u0131 d\u0259st\u0259yi v\u0259 innovation center ADAU t\u0259\u015fkilat\u00e7\u0131l\u0131\u011f\u0131 il\u0259 h\u0259yata ke\u00e7irildi. Final g\u00fcn\u00fc Az\u0259rbaycan D\u00f6vl\u0259t Aqrar Universitetinin rektoru c\u0259nab Z\u0259f\u0259r [&hellip;]<\/p>\n","protected":false},"author":3,"featured_media":5665,"comment_status":"closed","ping_status":"open","sticky":false,"template":"","format":"standard","meta":{"footnotes":""},"categories":[3],"tags":[],"_links":{"self":[{"href":"https:\/\/bkf.gdu.edu.az\/index.php?rest_route=\/wp\/v2\/posts\/5663"}],"collection":[{"href":"https:\/\/bkf.gdu.edu.az\/index.php?rest_route=\/wp\/v2\/posts"}],"about":[{"href":"https:\/\/bkf.gdu.edu.az\/index.php?rest_route=\/wp\/v2\/types\/post"}],"author":[{"embeddable":true,"href":"https:\/\/bkf.gdu.edu.az\/index.php?rest_route=\/wp\/v2\/users\/3"}],"replies":[{"embeddable":true,"href":"https:\/\/bkf.gdu.edu.az\/index.php?rest_route=%2Fwp%2Fv2%2Fcomments&post=5663"}],"version-history":[{"count":1,"href":"https:\/\/bkf.gdu.edu.az\/index.php?rest_route=\/wp\/v2\/posts\/5663\/revisions"}],"predecessor-version":[{"id":5666,"href":"https:\/\/bkf.gdu.edu.az\/index.php?rest_route=\/wp\/v2\/posts\/5663\/revisions\/5666"}],"wp:featuredmedia":[{"embeddable":true,"href":"https:\/\/bkf.gdu.edu.az\/index.php?rest_route=\/wp\/v2\/media\/5665"}],"wp:attachment":[{"href":"https:\/\/bkf.gdu.edu.az\/index.php?rest_route=%2Fwp%2Fv2%2Fmedia&parent=5663"}],"wp:term":[{"taxonomy":"category","embeddable":true,"href":"https:\/\/bkf.gdu.edu.az\/index.php?rest_route=%2Fwp%2Fv2%2Fcategories&post=5663"},{"taxonomy":"post_tag","embeddable":true,"href":"https:\/\/bkf.gdu.edu.az\/index.php?rest_route=%2Fwp%2Fv2%2Ftags&post=5663"}],"curies":[{"name":"wp","href":"https:\/\/api.w.org\/{rel}","templated":true}]}}