{"id":5667,"date":"2024-04-19T08:43:49","date_gmt":"2024-04-19T06:43:49","guid":{"rendered":"https:\/\/bkf.gdu.edu.az\/?p=5667"},"modified":"2024-04-19T08:43:49","modified_gmt":"2024-04-19T06:43:49","slug":"aprelin-18-i-dunyada-beyn%c9%99lxalq-abid%c9%99l%c9%99r-v%c9%99-tarixi-yerl%c9%99r-gunu-kimi-qeyd-olunur","status":"publish","type":"post","link":"https:\/\/bkf.gdu.edu.az\/?p=5667","title":{"rendered":"Aprelin 18-i d\u00fcnyada Beyn\u0259lxalq Abid\u0259l\u0259r v\u0259 Tarixi Yerl\u0259r G\u00fcn\u00fc kimi qeyd olunur"},"content":{"rendered":"\n<figure class=\"wp-block-image size-full\"><img loading=\"lazy\" decoding=\"async\" width=\"512\" height=\"384\" src=\"https:\/\/bkf.gdu.edu.az\/wp-content\/uploads\/2024\/04\/WhatsApp-Image-2024-04-18-at-13.28.32-2.jpeg\" alt=\"\" class=\"wp-image-5668\" srcset=\"https:\/\/bkf.gdu.edu.az\/wp-content\/uploads\/2024\/04\/WhatsApp-Image-2024-04-18-at-13.28.32-2.jpeg 512w, https:\/\/bkf.gdu.edu.az\/wp-content\/uploads\/2024\/04\/WhatsApp-Image-2024-04-18-at-13.28.32-2-480x360.jpeg 480w, https:\/\/bkf.gdu.edu.az\/wp-content\/uploads\/2024\/04\/WhatsApp-Image-2024-04-18-at-13.28.32-2-320x240.jpeg 320w, https:\/\/bkf.gdu.edu.az\/wp-content\/uploads\/2024\/04\/WhatsApp-Image-2024-04-18-at-13.28.32-2-240x180.jpeg 240w\" sizes=\"(max-width: 512px) 100vw, 512px\" \/><\/figure>\n\n\n\n<figure class=\"wp-block-image size-full\"><img loading=\"lazy\" decoding=\"async\" width=\"512\" height=\"384\" src=\"https:\/\/bkf.gdu.edu.az\/wp-content\/uploads\/2024\/04\/WhatsApp-Image-2024-04-18-at-13.28.33-1.jpeg\" alt=\"\" class=\"wp-image-5669\" srcset=\"https:\/\/bkf.gdu.edu.az\/wp-content\/uploads\/2024\/04\/WhatsApp-Image-2024-04-18-at-13.28.33-1.jpeg 512w, https:\/\/bkf.gdu.edu.az\/wp-content\/uploads\/2024\/04\/WhatsApp-Image-2024-04-18-at-13.28.33-1-480x360.jpeg 480w, https:\/\/bkf.gdu.edu.az\/wp-content\/uploads\/2024\/04\/WhatsApp-Image-2024-04-18-at-13.28.33-1-320x240.jpeg 320w, https:\/\/bkf.gdu.edu.az\/wp-content\/uploads\/2024\/04\/WhatsApp-Image-2024-04-18-at-13.28.33-1-240x180.jpeg 240w\" sizes=\"(max-width: 512px) 100vw, 512px\" \/><\/figure>\n\n\n\n<figure class=\"wp-block-image size-full\"><img loading=\"lazy\" decoding=\"async\" width=\"512\" height=\"384\" src=\"https:\/\/bkf.gdu.edu.az\/wp-content\/uploads\/2024\/04\/WhatsApp-Image-2024-04-18-at-13.58.39.jpeg\" alt=\"\" class=\"wp-image-5670\" srcset=\"https:\/\/bkf.gdu.edu.az\/wp-content\/uploads\/2024\/04\/WhatsApp-Image-2024-04-18-at-13.58.39.jpeg 512w, https:\/\/bkf.gdu.edu.az\/wp-content\/uploads\/2024\/04\/WhatsApp-Image-2024-04-18-at-13.58.39-480x360.jpeg 480w, https:\/\/bkf.gdu.edu.az\/wp-content\/uploads\/2024\/04\/WhatsApp-Image-2024-04-18-at-13.58.39-320x240.jpeg 320w, https:\/\/bkf.gdu.edu.az\/wp-content\/uploads\/2024\/04\/WhatsApp-Image-2024-04-18-at-13.58.39-240x180.jpeg 240w\" sizes=\"(max-width: 512px) 100vw, 512px\" \/><\/figure>\n\n\n\n<p>Bu \u0259lam\u0259tdar g\u00fcn il\u0259 ba\u011fl\u0131 18 aprel 2024-c\u00fc il tarixind\u0259 fak\u00fclt\u0259nin Kimya-Biologiya m\u00fc\u0259llimliyi, Kimya m\u00fc\u0259llimliyi, Ekologiya ixtisaslar\u0131n\u0131n 1-ci kurs t\u0259l\u0259b\u0259l\u0259ri \u00fc\u00e7\u00fcn Tarix-Diyar\u015f\u00fcnas\u0131l\u0131q m\u00fczeyin\u0259, Cumhuriyy\u0259t muzeyin\u0259, \u00c7\u00f6k\u0259k Hamama, \u015eah Abbas M\u0259scidin\u0259, KarvanSaray tarixi abid\u0259sin\u0259 ekskursiya t\u0259\u015fkil olunmu\u015fdur. \u0130\u015ftirak ed\u0259n t\u0259l\u0259b\u0259l\u0259r\u0259 muzeyl\u0259rin, abid\u0259l\u0259rin tarixi haqq\u0131nda geni\u015f m\u0259lumat verilmi\u015fdir. Ekskursiyada fak\u00fclt\u0259nin T\u0259lim-t\u0259rbiy\u0259 i\u015fl\u0259r \u00fczr\u0259 dekan m\u00fcavini dos. Yegan\u0259 Aslanova, fak\u00fclt\u0259 \u00fczr\u0259 tyutor G\u00fcn\u0259\u015f \u018fbilova i\u015ftirak etmi\u015fl\u0259r.<\/p>\n","protected":false},"excerpt":{"rendered":"<p>Bu \u0259lam\u0259tdar g\u00fcn il\u0259 ba\u011fl\u0131 18 aprel 2024-c\u00fc il tarixind\u0259 fak\u00fclt\u0259nin Kimya-Biologiya m\u00fc\u0259llimliyi, Kimya m\u00fc\u0259llimliyi, Ekologiya ixtisaslar\u0131n\u0131n 1-ci kurs t\u0259l\u0259b\u0259l\u0259ri \u00fc\u00e7\u00fcn Tarix-Diyar\u015f\u00fcnas\u0131l\u0131q m\u00fczeyin\u0259, Cumhuriyy\u0259t muzeyin\u0259, \u00c7\u00f6k\u0259k Hamama, \u015eah Abbas M\u0259scidin\u0259, KarvanSaray tarixi abid\u0259sin\u0259 ekskursiya t\u0259\u015fkil olunmu\u015fdur. \u0130\u015ftirak ed\u0259n t\u0259l\u0259b\u0259l\u0259r\u0259 muzeyl\u0259rin, abid\u0259l\u0259rin tarixi haqq\u0131nda geni\u015f m\u0259lumat verilmi\u015fdir. Ekskursiyada fak\u00fclt\u0259nin T\u0259lim-t\u0259rbiy\u0259 i\u015fl\u0259r \u00fczr\u0259 dekan m\u00fcavini dos. Yegan\u0259 [&hellip;]<\/p>\n","protected":false},"author":3,"featured_media":5668,"comment_status":"closed","ping_status":"open","sticky":false,"template":"","format":"standard","meta":{"footnotes":""},"categories":[3],"tags":[],"_links":{"self":[{"href":"https:\/\/bkf.gdu.edu.az\/index.php?rest_route=\/wp\/v2\/posts\/5667"}],"collection":[{"href":"https:\/\/bkf.gdu.edu.az\/index.php?rest_route=\/wp\/v2\/posts"}],"about":[{"href":"https:\/\/bkf.gdu.edu.az\/index.php?rest_route=\/wp\/v2\/types\/post"}],"author":[{"embeddable":true,"href":"https:\/\/bkf.gdu.edu.az\/index.php?rest_route=\/wp\/v2\/users\/3"}],"replies":[{"embeddable":true,"href":"https:\/\/bkf.gdu.edu.az\/index.php?rest_route=%2Fwp%2Fv2%2Fcomments&post=5667"}],"version-history":[{"count":1,"href":"https:\/\/bkf.gdu.edu.az\/index.php?rest_route=\/wp\/v2\/posts\/5667\/revisions"}],"predecessor-version":[{"id":5671,"href":"https:\/\/bkf.gdu.edu.az\/index.php?rest_route=\/wp\/v2\/posts\/5667\/revisions\/5671"}],"wp:featuredmedia":[{"embeddable":true,"href":"https:\/\/bkf.gdu.edu.az\/index.php?rest_route=\/wp\/v2\/media\/5668"}],"wp:attachment":[{"href":"https:\/\/bkf.gdu.edu.az\/index.php?rest_route=%2Fwp%2Fv2%2Fmedia&parent=5667"}],"wp:term":[{"taxonomy":"category","embeddable":true,"href":"https:\/\/bkf.gdu.edu.az\/index.php?rest_route=%2Fwp%2Fv2%2Fcategories&post=5667"},{"taxonomy":"post_tag","embeddable":true,"href":"https:\/\/bkf.gdu.edu.az\/index.php?rest_route=%2Fwp%2Fv2%2Ftags&post=5667"}],"curies":[{"name":"wp","href":"https:\/\/api.w.org\/{rel}","templated":true}]}}