{"id":7158,"date":"2026-02-25T10:18:21","date_gmt":"2026-02-25T08:18:21","guid":{"rendered":"https:\/\/bkf.gdu.edu.az\/?p=7158"},"modified":"2026-02-25T10:18:22","modified_gmt":"2026-02-25T08:18:22","slug":"xx-esrin-faciesi-xocali-soyqirimi","status":"publish","type":"post","link":"https:\/\/bkf.gdu.edu.az\/?p=7158","title":{"rendered":"XX \u018fSR\u0130N FAC\u0130\u018fS\u0130-XOCALI SOYQIRIMI"},"content":{"rendered":"\n<figure class=\"wp-block-image size-full\"><img loading=\"lazy\" decoding=\"async\" width=\"512\" height=\"384\" src=\"https:\/\/bkf.gdu.edu.az\/wp-content\/uploads\/2026\/02\/IMG-20260225-WA0035.jpg\" alt=\"\" class=\"wp-image-7159\" srcset=\"https:\/\/bkf.gdu.edu.az\/wp-content\/uploads\/2026\/02\/IMG-20260225-WA0035.jpg 512w, https:\/\/bkf.gdu.edu.az\/wp-content\/uploads\/2026\/02\/IMG-20260225-WA0035-480x360.jpg 480w, https:\/\/bkf.gdu.edu.az\/wp-content\/uploads\/2026\/02\/IMG-20260225-WA0035-320x240.jpg 320w, https:\/\/bkf.gdu.edu.az\/wp-content\/uploads\/2026\/02\/IMG-20260225-WA0035-240x180.jpg 240w\" sizes=\"(max-width: 512px) 100vw, 512px\" \/><\/figure>\n\n\n\n<p>1992-ci ilin fevral ay\u0131n\u0131n 26-da Xocal\u0131 \u015f\u0259h\u0259rind\u0259 dinc \u0259haliy\u0259 qar\u015f\u0131 t\u00f6r\u0259dilmi\u015f amans\u0131z q\u0259tliam Az\u0259rbaycan tarixinin \u0259n faci\u0259li v\u0259 qanl\u0131 s\u0259hif\u0259l\u0259rind\u0259n biridir. Bu soyq\u0131r\u0131m n\u0259tic\u0259sind\u0259 y\u00fczl\u0259rl\u0259 g\u00fcnahs\u0131z insan-qad\u0131nlar, u\u015faqlar v\u0259 qocalar x\u00fcsusi q\u0259ddarl\u0131qla q\u0259tl\u0259 yetirilmi\u015fdir. Xalq\u0131m\u0131z\u0131n a\u011fr\u0131 dolu yadda\u015f\u0131n\u0131 ya\u015fatmaq, tarixi h\u0259qiq\u0259tl\u0259ri bir daha xat\u0131rlatmaq v\u0259 g\u0259l\u0259c\u0259k n\u0259sill\u0259r\u0259 \u00e7atd\u0131rmaq bizim v\u0259t\u0259nda\u015fl\u0131q borcumuzdur. \u015e\u0259hidl\u0259rimizin \u0259ziz xatir\u0259si daim q\u0259lbimizd\u0259 ya\u015fayacaq, Xocal\u0131 faci\u0259si is\u0259 he\u00e7 vaxt unudulmayacaq.<\/p>\n","protected":false},"excerpt":{"rendered":"<p>1992-ci ilin fevral ay\u0131n\u0131n 26-da Xocal\u0131 \u015f\u0259h\u0259rind\u0259 dinc \u0259haliy\u0259 qar\u015f\u0131 t\u00f6r\u0259dilmi\u015f amans\u0131z q\u0259tliam Az\u0259rbaycan tarixinin \u0259n faci\u0259li v\u0259 qanl\u0131 s\u0259hif\u0259l\u0259rind\u0259n biridir. Bu soyq\u0131r\u0131m n\u0259tic\u0259sind\u0259 y\u00fczl\u0259rl\u0259 g\u00fcnahs\u0131z insan-qad\u0131nlar, u\u015faqlar v\u0259 qocalar x\u00fcsusi q\u0259ddarl\u0131qla q\u0259tl\u0259 yetirilmi\u015fdir. Xalq\u0131m\u0131z\u0131n a\u011fr\u0131 dolu yadda\u015f\u0131n\u0131 ya\u015fatmaq, tarixi h\u0259qiq\u0259tl\u0259ri bir daha xat\u0131rlatmaq v\u0259 g\u0259l\u0259c\u0259k n\u0259sill\u0259r\u0259 \u00e7atd\u0131rmaq bizim v\u0259t\u0259nda\u015fl\u0131q borcumuzdur. \u015e\u0259hidl\u0259rimizin \u0259ziz xatir\u0259si daim [&hellip;]<\/p>\n","protected":false},"author":3,"featured_media":7159,"comment_status":"closed","ping_status":"open","sticky":false,"template":"","format":"standard","meta":{"footnotes":""},"categories":[3],"tags":[],"_links":{"self":[{"href":"https:\/\/bkf.gdu.edu.az\/index.php?rest_route=\/wp\/v2\/posts\/7158"}],"collection":[{"href":"https:\/\/bkf.gdu.edu.az\/index.php?rest_route=\/wp\/v2\/posts"}],"about":[{"href":"https:\/\/bkf.gdu.edu.az\/index.php?rest_route=\/wp\/v2\/types\/post"}],"author":[{"embeddable":true,"href":"https:\/\/bkf.gdu.edu.az\/index.php?rest_route=\/wp\/v2\/users\/3"}],"replies":[{"embeddable":true,"href":"https:\/\/bkf.gdu.edu.az\/index.php?rest_route=%2Fwp%2Fv2%2Fcomments&post=7158"}],"version-history":[{"count":1,"href":"https:\/\/bkf.gdu.edu.az\/index.php?rest_route=\/wp\/v2\/posts\/7158\/revisions"}],"predecessor-version":[{"id":7160,"href":"https:\/\/bkf.gdu.edu.az\/index.php?rest_route=\/wp\/v2\/posts\/7158\/revisions\/7160"}],"wp:featuredmedia":[{"embeddable":true,"href":"https:\/\/bkf.gdu.edu.az\/index.php?rest_route=\/wp\/v2\/media\/7159"}],"wp:attachment":[{"href":"https:\/\/bkf.gdu.edu.az\/index.php?rest_route=%2Fwp%2Fv2%2Fmedia&parent=7158"}],"wp:term":[{"taxonomy":"category","embeddable":true,"href":"https:\/\/bkf.gdu.edu.az\/index.php?rest_route=%2Fwp%2Fv2%2Fcategories&post=7158"},{"taxonomy":"post_tag","embeddable":true,"href":"https:\/\/bkf.gdu.edu.az\/index.php?rest_route=%2Fwp%2Fv2%2Ftags&post=7158"}],"curies":[{"name":"wp","href":"https:\/\/api.w.org\/{rel}","templated":true}]}}