{"id":7172,"date":"2026-03-02T10:05:03","date_gmt":"2026-03-02T08:05:03","guid":{"rendered":"https:\/\/bkf.gdu.edu.az\/?p=7172"},"modified":"2026-03-04T15:06:47","modified_gmt":"2026-03-04T13:06:47","slug":"regionun-incisi-t%c9%99bi%c9%99tin-s%c9%99si-adli-elmi-konfrans-kecirildi","status":"publish","type":"post","link":"https:\/\/bkf.gdu.edu.az\/?p=7172","title":{"rendered":"\u201cRegionun incisi, t\u0259bi\u0259tin s\u0259si\u201d adl\u0131 elmi konfrans ke\u00e7irildi"},"content":{"rendered":"\n<figure class=\"wp-block-image size-full\"><img loading=\"lazy\" decoding=\"async\" width=\"579\" height=\"434\" src=\"https:\/\/bkf.gdu.edu.az\/wp-content\/uploads\/2026\/03\/IMG_20260302_121418.jpg.jpeg\" alt=\"\" class=\"wp-image-7173\" srcset=\"https:\/\/bkf.gdu.edu.az\/wp-content\/uploads\/2026\/03\/IMG_20260302_121418.jpg.jpeg 579w, https:\/\/bkf.gdu.edu.az\/wp-content\/uploads\/2026\/03\/IMG_20260302_121418.jpg-480x360.jpeg 480w, https:\/\/bkf.gdu.edu.az\/wp-content\/uploads\/2026\/03\/IMG_20260302_121418.jpg-320x240.jpeg 320w, https:\/\/bkf.gdu.edu.az\/wp-content\/uploads\/2026\/03\/IMG_20260302_121418.jpg-240x180.jpeg 240w\" sizes=\"(max-width: 579px) 100vw, 579px\" \/><\/figure>\n\n\n\n<figure class=\"wp-block-image size-full\"><img loading=\"lazy\" decoding=\"async\" width=\"579\" height=\"434\" src=\"https:\/\/bkf.gdu.edu.az\/wp-content\/uploads\/2026\/03\/IMG_20260302_121707.jpg.jpeg\" alt=\"\" class=\"wp-image-7174\" srcset=\"https:\/\/bkf.gdu.edu.az\/wp-content\/uploads\/2026\/03\/IMG_20260302_121707.jpg.jpeg 579w, https:\/\/bkf.gdu.edu.az\/wp-content\/uploads\/2026\/03\/IMG_20260302_121707.jpg-480x360.jpeg 480w, https:\/\/bkf.gdu.edu.az\/wp-content\/uploads\/2026\/03\/IMG_20260302_121707.jpg-320x240.jpeg 320w, https:\/\/bkf.gdu.edu.az\/wp-content\/uploads\/2026\/03\/IMG_20260302_121707.jpg-240x180.jpeg 240w\" sizes=\"(max-width: 579px) 100vw, 579px\" \/><\/figure>\n\n\n\n<figure class=\"wp-block-image size-full\"><img loading=\"lazy\" decoding=\"async\" width=\"579\" height=\"434\" src=\"https:\/\/bkf.gdu.edu.az\/wp-content\/uploads\/2026\/03\/IMG_20260302_122212.jpg.jpeg\" alt=\"\" class=\"wp-image-7175\" srcset=\"https:\/\/bkf.gdu.edu.az\/wp-content\/uploads\/2026\/03\/IMG_20260302_122212.jpg.jpeg 579w, https:\/\/bkf.gdu.edu.az\/wp-content\/uploads\/2026\/03\/IMG_20260302_122212.jpg-480x360.jpeg 480w, https:\/\/bkf.gdu.edu.az\/wp-content\/uploads\/2026\/03\/IMG_20260302_122212.jpg-320x240.jpeg 320w, https:\/\/bkf.gdu.edu.az\/wp-content\/uploads\/2026\/03\/IMG_20260302_122212.jpg-240x180.jpeg 240w\" sizes=\"(max-width: 579px) 100vw, 579px\" \/><\/figure>\n\n\n\n<figure class=\"wp-block-image size-full\"><img loading=\"lazy\" decoding=\"async\" width=\"535\" height=\"434\" src=\"https:\/\/bkf.gdu.edu.az\/wp-content\/uploads\/2026\/03\/IMG_20260302_133748.jpg.jpeg\" alt=\"\" class=\"wp-image-7176\"\/><\/figure>\n\n\n\n<p>GDU Ekoklubun yarad\u0131lmas\u0131n\u0131n bir illiyin\u0259 h\u0259sr edilmi\u015f \u00a0\u201cRegionun incisi, t\u0259bi\u0259tin s\u0259si\u201d adl\u0131 \u00a0konfrans ke\u00e7irildi. D\u00f6vl\u0259t Himnimizin s\u0259sl\u0259ndirilm\u0259si il\u0259 ba\u015flayan konfransda \u00a0\u00dcmummilli Lider Heyd\u0259r \u018fliyevin, el\u0259c\u0259 d\u0259 torpaqlar\u0131m\u0131z\u0131n azadl\u0131\u011f\u0131 u\u011frunda canlar\u0131n\u0131 ver\u0259n \u015f\u0259hidl\u0259rimizin \u0259ziz xatir\u0259si\u00a0 bir d\u0259qiq\u0259lik s\u00fckutla yad edildi. Universitetin Humanitar m\u0259s\u0259l\u0259l\u0259r \u00fczr\u0259 prorektoru G\u00fcls\u00fcm F\u0259t\u0259liyeva GDU\u00a0Ekoklubun f\u0259aliyy\u0259tind\u0259n b\u0259hs edib. Diqq\u0259t\u0259 \u00e7atd\u0131r\u0131b ki, Kimya v\u0259 biologiya fak\u00fclt\u0259sinin t\u0259\u015f\u0259bb\u00fcs\u00fc il\u0259 yarad\u0131lan, k\u00f6n\u00fcll\u00fc t\u0259l\u0259b\u0259l\u0259rin \u00fczv oldu\u011fu Ekoklubun f\u0259aliyy\u0259ti \u0259sas\u0259n \u0259traf m\u00fchitin qorunmas\u0131, ekoloji maarifl\u0259ndirm\u0259 v\u0259 davaml\u0131 inki\u015faf ideyalar\u0131n\u0131n t\u0259\u015fviqi istiqam\u0259tind\u0259 qurulur. Konfransda T\u0259dris i\u015fl\u0259ri \u00fczr\u0259 prorektor v\u0259zif\u0259sini m\u00fcv\u0259qq\u0259ti icra ed\u0259n \u0130sf\u0259ndiyar Alverdiyev ekoloji tarazl\u0131\u011f\u0131n v\u0259 \u0259traf m\u00fchitin qorunmas\u0131, yenid\u0259nqurma prosesind\u0259 \u201ca\u011f\u0131ll\u0131 \u015f\u0259h\u0259r\u201d v\u0259 \u201ca\u011f\u0131ll\u0131 k\u0259nd\u201d kimi innovativ yana\u015fmalar t\u0259tbiq edilm\u0259sind\u0259n dan\u0131\u015f\u0131b. Daha sonra Botanika kafedras\u0131n\u0131n m\u00fcdiri Vaqif Novruzov, Ekologiya v\u0259 t\u0259bi\u0259ti m\u00fchafiz\u0259 kafedras\u0131n\u0131n m\u00fcdiri Sevda \u018fhm\u0259dova, Kimya kafedras\u0131n\u0131n m\u00fcdiri Aynur M\u0259mm\u0259dova, Anatomiya, fiziologiya v\u0259 zoologiya kafedras\u0131n\u0131n m\u00fcdiri V\u0259fa M\u0259mm\u0259dova v\u0259 fal\u00fclt\u0259mizin t\u0259l\u0259b\u0259l\u0259ri, GDU Ekoklubun \u00a0s\u0259dri Mirf\u0259qan Hac\u0131yev\u00a0\u00a0 v\u0259 \u00a0Z\u0259hra \u0130sg\u0259nd\u0259rova \u201cEKOKLUB-Ba\u015fdan sona u\u011fur v\u0259 n\u0259aliyy\u0259tl\u0259ri\u201d, ADAU-nun \u00a0Ekologiya v\u0259 Me\u015f\u0259\u00e7ilik kafedras\u0131n\u0131n m\u00fcdiri Nizami Seyidal\u0131yev \u201cK\u0259nd t\u0259s\u0259rr\u00fcffat\u0131nda kimyala\u015fman\u0131n ekoloji m\u0259s\u0259l\u0259l\u0259ri\u201d v\u0259 ba\u015fqalar\u0131 m\u0259ruz\u0259l\u0259rl\u0259 \u00e7\u0131x\u0131\u015f edibl\u0259r. H\u0259m\u00e7inin Ekoklubun t\u0259r\u0259fda\u015flar\u0131 olan ATU-nun Ekoklub s\u0259dri S\u0259rxan Kaz\u0131mov, ADAU-nun Ecoforce klub s\u0259dri Seymur M\u0259stal\u0131yev \u00f6z xo\u015f arzular\u0131n\u0131 v\u0259 Ekoklubla \u0259m\u0259kda\u015fl\u0131\u011f\u0131n onlar \u00fc\u00e7\u00fcn sevindirici hal olduqlar\u0131n\u0131 vur\u011fulad\u0131lar. Elmi konfrans qar\u015f\u0131l\u0131ql\u0131 fikir m\u00fcbadil\u0259si v\u0259 yeni \u0259m\u0259kda\u015fl\u0131q imkanlar\u0131n\u0131n m\u00fczakir\u0259si il\u0259 ba\u015fa \u00e7at\u0131b.<\/p>\n","protected":false},"excerpt":{"rendered":"<p>GDU Ekoklubun yarad\u0131lmas\u0131n\u0131n bir illiyin\u0259 h\u0259sr edilmi\u015f \u00a0\u201cRegionun incisi, t\u0259bi\u0259tin s\u0259si\u201d adl\u0131 \u00a0konfrans ke\u00e7irildi. D\u00f6vl\u0259t Himnimizin s\u0259sl\u0259ndirilm\u0259si il\u0259 ba\u015flayan konfransda \u00a0\u00dcmummilli Lider Heyd\u0259r \u018fliyevin, el\u0259c\u0259 d\u0259 torpaqlar\u0131m\u0131z\u0131n azadl\u0131\u011f\u0131 u\u011frunda canlar\u0131n\u0131 ver\u0259n \u015f\u0259hidl\u0259rimizin \u0259ziz xatir\u0259si\u00a0 bir d\u0259qiq\u0259lik s\u00fckutla yad edildi. Universitetin Humanitar m\u0259s\u0259l\u0259l\u0259r \u00fczr\u0259 prorektoru G\u00fcls\u00fcm F\u0259t\u0259liyeva GDU\u00a0Ekoklubun f\u0259aliyy\u0259tind\u0259n b\u0259hs edib. Diqq\u0259t\u0259 \u00e7atd\u0131r\u0131b ki, Kimya v\u0259 [&hellip;]<\/p>\n","protected":false},"author":3,"featured_media":7173,"comment_status":"closed","ping_status":"open","sticky":false,"template":"","format":"standard","meta":{"footnotes":""},"categories":[3],"tags":[],"_links":{"self":[{"href":"https:\/\/bkf.gdu.edu.az\/index.php?rest_route=\/wp\/v2\/posts\/7172"}],"collection":[{"href":"https:\/\/bkf.gdu.edu.az\/index.php?rest_route=\/wp\/v2\/posts"}],"about":[{"href":"https:\/\/bkf.gdu.edu.az\/index.php?rest_route=\/wp\/v2\/types\/post"}],"author":[{"embeddable":true,"href":"https:\/\/bkf.gdu.edu.az\/index.php?rest_route=\/wp\/v2\/users\/3"}],"replies":[{"embeddable":true,"href":"https:\/\/bkf.gdu.edu.az\/index.php?rest_route=%2Fwp%2Fv2%2Fcomments&post=7172"}],"version-history":[{"count":2,"href":"https:\/\/bkf.gdu.edu.az\/index.php?rest_route=\/wp\/v2\/posts\/7172\/revisions"}],"predecessor-version":[{"id":7181,"href":"https:\/\/bkf.gdu.edu.az\/index.php?rest_route=\/wp\/v2\/posts\/7172\/revisions\/7181"}],"wp:featuredmedia":[{"embeddable":true,"href":"https:\/\/bkf.gdu.edu.az\/index.php?rest_route=\/wp\/v2\/media\/7173"}],"wp:attachment":[{"href":"https:\/\/bkf.gdu.edu.az\/index.php?rest_route=%2Fwp%2Fv2%2Fmedia&parent=7172"}],"wp:term":[{"taxonomy":"category","embeddable":true,"href":"https:\/\/bkf.gdu.edu.az\/index.php?rest_route=%2Fwp%2Fv2%2Fcategories&post=7172"},{"taxonomy":"post_tag","embeddable":true,"href":"https:\/\/bkf.gdu.edu.az\/index.php?rest_route=%2Fwp%2Fv2%2Ftags&post=7172"}],"curies":[{"name":"wp","href":"https:\/\/api.w.org\/{rel}","templated":true}]}}