{"id":7183,"date":"2026-03-08T07:24:12","date_gmt":"2026-03-08T05:24:12","guid":{"rendered":"https:\/\/bkf.gdu.edu.az\/?p=7183"},"modified":"2026-03-10T07:29:56","modified_gmt":"2026-03-10T05:29:56","slug":"8-mart-beyn%c9%99lxalq-qadinlar-gunudur","status":"publish","type":"post","link":"https:\/\/bkf.gdu.edu.az\/?p=7183","title":{"rendered":"8 mart-Beyn\u0259lxalq Qad\u0131nlar G\u00fcn\u00fcd\u00fcr"},"content":{"rendered":"\n<figure class=\"wp-block-image size-full\"><img loading=\"lazy\" decoding=\"async\" width=\"275\" height=\"183\" src=\"https:\/\/bkf.gdu.edu.az\/wp-content\/uploads\/2026\/03\/\u0411\u0435\u0437-\u043d\u0430\u0437\u0432\u0430\u043d\u0438\u044f-1.jpg\" alt=\"\" class=\"wp-image-7184\" srcset=\"https:\/\/bkf.gdu.edu.az\/wp-content\/uploads\/2026\/03\/\u0411\u0435\u0437-\u043d\u0430\u0437\u0432\u0430\u043d\u0438\u044f-1.jpg 275w, https:\/\/bkf.gdu.edu.az\/wp-content\/uploads\/2026\/03\/\u0411\u0435\u0437-\u043d\u0430\u0437\u0432\u0430\u043d\u0438\u044f-1-240x160.jpg 240w\" sizes=\"(max-width: 275px) 100vw, 275px\" \/><\/figure>\n\n\n\n<p>Mart\u0131n 8-i Beyn\u0259lxalq Qad\u0131nlar G\u00fcn\u00fcd\u00fcr. Az\u0259rbaycan qad\u0131n\u0131 tarix boyu c\u0259miyy\u0259timizin m\u0259n\u0259vi daya\u011f\u0131, elmin v\u0259 t\u0259hsilin inki\u015faf\u0131nda m\u00fch\u00fcm rol oynayan g\u00fccl\u00fc v\u0259 f\u0259dakar sima kimi se\u00e7ilib. Bu g\u00fcn d\u0259 qad\u0131nlar\u0131m\u0131z \u00f6lk\u0259mizin intellektual potensial\u0131n\u0131n formala\u015fmas\u0131na, g\u0259nc n\u0259slin milli-m\u0259n\u0259vi d\u0259y\u0259rl\u0259r ruhunda yeti\u015fm\u0259sin\u0259 b\u00f6y\u00fck t\u00f6hf\u0259 verirl\u0259r.<\/p>\n\n\n\n<p>\u018fziz qad\u0131nlar, bayram\u0131n\u0131z m\u00fcbar\u0259k!<\/p>\n","protected":false},"excerpt":{"rendered":"<p>Mart\u0131n 8-i Beyn\u0259lxalq Qad\u0131nlar G\u00fcn\u00fcd\u00fcr. Az\u0259rbaycan qad\u0131n\u0131 tarix boyu c\u0259miyy\u0259timizin m\u0259n\u0259vi daya\u011f\u0131, elmin v\u0259 t\u0259hsilin inki\u015faf\u0131nda m\u00fch\u00fcm rol oynayan g\u00fccl\u00fc v\u0259 f\u0259dakar sima kimi se\u00e7ilib. Bu g\u00fcn d\u0259 qad\u0131nlar\u0131m\u0131z \u00f6lk\u0259mizin intellektual potensial\u0131n\u0131n formala\u015fmas\u0131na, g\u0259nc n\u0259slin milli-m\u0259n\u0259vi d\u0259y\u0259rl\u0259r ruhunda yeti\u015fm\u0259sin\u0259 b\u00f6y\u00fck t\u00f6hf\u0259 verirl\u0259r. \u018fziz qad\u0131nlar, bayram\u0131n\u0131z m\u00fcbar\u0259k!<\/p>\n","protected":false},"author":3,"featured_media":7184,"comment_status":"closed","ping_status":"open","sticky":false,"template":"","format":"standard","meta":{"footnotes":""},"categories":[3],"tags":[],"_links":{"self":[{"href":"https:\/\/bkf.gdu.edu.az\/index.php?rest_route=\/wp\/v2\/posts\/7183"}],"collection":[{"href":"https:\/\/bkf.gdu.edu.az\/index.php?rest_route=\/wp\/v2\/posts"}],"about":[{"href":"https:\/\/bkf.gdu.edu.az\/index.php?rest_route=\/wp\/v2\/types\/post"}],"author":[{"embeddable":true,"href":"https:\/\/bkf.gdu.edu.az\/index.php?rest_route=\/wp\/v2\/users\/3"}],"replies":[{"embeddable":true,"href":"https:\/\/bkf.gdu.edu.az\/index.php?rest_route=%2Fwp%2Fv2%2Fcomments&post=7183"}],"version-history":[{"count":1,"href":"https:\/\/bkf.gdu.edu.az\/index.php?rest_route=\/wp\/v2\/posts\/7183\/revisions"}],"predecessor-version":[{"id":7185,"href":"https:\/\/bkf.gdu.edu.az\/index.php?rest_route=\/wp\/v2\/posts\/7183\/revisions\/7185"}],"wp:featuredmedia":[{"embeddable":true,"href":"https:\/\/bkf.gdu.edu.az\/index.php?rest_route=\/wp\/v2\/media\/7184"}],"wp:attachment":[{"href":"https:\/\/bkf.gdu.edu.az\/index.php?rest_route=%2Fwp%2Fv2%2Fmedia&parent=7183"}],"wp:term":[{"taxonomy":"category","embeddable":true,"href":"https:\/\/bkf.gdu.edu.az\/index.php?rest_route=%2Fwp%2Fv2%2Fcategories&post=7183"},{"taxonomy":"post_tag","embeddable":true,"href":"https:\/\/bkf.gdu.edu.az\/index.php?rest_route=%2Fwp%2Fv2%2Ftags&post=7183"}],"curies":[{"name":"wp","href":"https:\/\/api.w.org\/{rel}","templated":true}]}}