{"id":7403,"date":"2026-04-22T11:48:26","date_gmt":"2026-04-22T09:48:26","guid":{"rendered":"https:\/\/bkf.gdu.edu.az\/?p=7403"},"modified":"2026-04-27T11:51:48","modified_gmt":"2026-04-27T09:51:48","slug":"beyn%c9%99lxalq-yer-gunun%c9%99-h%c9%99sr-olunmus-t%c9%99dbir-kecirildi","status":"publish","type":"post","link":"https:\/\/bkf.gdu.edu.az\/?p=7403","title":{"rendered":"Beyn\u0259lxalq Yer G\u00fcn\u00fcn\u0259 h\u0259sr olunmu\u015f t\u0259dbir ke\u00e7irildi"},"content":{"rendered":"\n<figure class=\"wp-block-image size-full\"><img loading=\"lazy\" decoding=\"async\" width=\"512\" height=\"288\" src=\"https:\/\/bkf.gdu.edu.az\/wp-content\/uploads\/2026\/04\/b.jpg\" alt=\"\" class=\"wp-image-7404\"\/><\/figure>\n\n\n\n<figure class=\"wp-block-image size-full\"><img loading=\"lazy\" decoding=\"async\" width=\"512\" height=\"288\" src=\"https:\/\/bkf.gdu.edu.az\/wp-content\/uploads\/2026\/04\/i.jpg\" alt=\"\" class=\"wp-image-7405\"\/><\/figure>\n\n\n\n<figure class=\"wp-block-image size-full\"><img loading=\"lazy\" decoding=\"async\" width=\"512\" height=\"288\" src=\"https:\/\/bkf.gdu.edu.az\/wp-content\/uploads\/2026\/04\/yy.jpg\" alt=\"\" class=\"wp-image-7406\"\/><\/figure>\n\n\n\n<p>22 aprel 2026-c\u0131 il tarixind\u0259 &#8220;Ekologiya v\u0259 t\u0259bi\u0259ti m\u00fchafiz\u0259&#8221; kafedras\u0131 v\u0259 &#8220;Ekoklub KTT&#8221;-nin birg\u0259 t\u0259\u015fkilat\u00e7\u0131l\u0131\u011f\u0131 il\u0259 Beyn\u0259lxalq Yer G\u00fcn\u00fcn\u0259 h\u0259sr olunmu\u015f maarifl\u0259ndirici t\u0259dbir ke\u00e7irilib. T\u0259dbiri giri\u015f s\u00f6z\u00fc il\u0259 a\u00e7an Ekologiya v\u0259 t\u0259bi\u0259ti m\u00fchafiz\u0259 kafedras\u0131n\u0131n m\u00fcdiri, professor Sevda \u018fhm\u0259dova \u0259traf m\u00fchitin qorunmas\u0131n\u0131n vacibliyind\u0259n v\u0259 bu sah\u0259d\u0259 g\u0259ncl\u0259rin \u00fcz\u0259rin\u0259 d\u00fc\u015f\u0259n m\u0259suliyy\u0259td\u0259n b\u0259hs edib. Daha sonra Ekoklubun s\u0259dri Mirf\u0259qan Hac\u0131yev, s\u0259dr m\u00fcavinl\u0259ri-Ekologiya ixtisas\u0131n\u0131n I kurs t\u0259l\u0259b\u0259l\u0259ri Niluf\u0259r Eminb\u0259yli v\u0259 \u018fmin\u0259 N\u0259c\u0259fova \u00e7\u0131x\u0131\u015f ed\u0259r\u0259k, klubun g\u0259l\u0259c\u0259k layih\u0259l\u0259ri v\u0259 ekoloji \u015f\u00fcurun art\u0131r\u0131lmas\u0131 istiqam\u0259tind\u0259 g\u00f6r\u00fcl\u0259c\u0259k i\u015fl\u0259r bar\u0259d\u0259 m\u0259lumat veribl\u0259r. Kafedran\u0131n m\u00fc\u0259llim hey\u0259ti v\u0259 klubun idar\u0259 hey\u0259tinin (staff) aktiv i\u015ftirak etdiyi g\u00f6r\u00fc\u015fd\u0259, t\u0259l\u0259b\u0259l\u0259r t\u0259r\u0259find\u0259n ekoloji probleml\u0259rin h\u0259llin\u0259 y\u00f6n\u0259lmi\u015f innovativ ideyalar s\u0259sl\u0259ndirilib. T\u0259l\u0259b\u0259 auditoriyas\u0131 t\u0259r\u0259find\u0259n b\u00f6y\u00fck maraqla qar\u015f\u0131lanan t\u0259dbir, interaktiv m\u00fczakir\u0259l\u0259r v\u0259 g\u0259l\u0259c\u0259k \u0259m\u0259kda\u015fl\u0131q planlar\u0131n\u0131n m\u00fc\u0259yy\u0259nl\u0259\u015fdirilm\u0259si il\u0259 yekunla\u015f\u0131b.<\/p>\n","protected":false},"excerpt":{"rendered":"<p>22 aprel 2026-c\u0131 il tarixind\u0259 &#8220;Ekologiya v\u0259 t\u0259bi\u0259ti m\u00fchafiz\u0259&#8221; kafedras\u0131 v\u0259 &#8220;Ekoklub KTT&#8221;-nin birg\u0259 t\u0259\u015fkilat\u00e7\u0131l\u0131\u011f\u0131 il\u0259 Beyn\u0259lxalq Yer G\u00fcn\u00fcn\u0259 h\u0259sr olunmu\u015f maarifl\u0259ndirici t\u0259dbir ke\u00e7irilib. T\u0259dbiri giri\u015f s\u00f6z\u00fc il\u0259 a\u00e7an Ekologiya v\u0259 t\u0259bi\u0259ti m\u00fchafiz\u0259 kafedras\u0131n\u0131n m\u00fcdiri, professor Sevda \u018fhm\u0259dova \u0259traf m\u00fchitin qorunmas\u0131n\u0131n vacibliyind\u0259n v\u0259 bu sah\u0259d\u0259 g\u0259ncl\u0259rin \u00fcz\u0259rin\u0259 d\u00fc\u015f\u0259n m\u0259suliyy\u0259td\u0259n b\u0259hs edib. Daha sonra Ekoklubun s\u0259dri [&hellip;]<\/p>\n","protected":false},"author":3,"featured_media":7404,"comment_status":"closed","ping_status":"open","sticky":false,"template":"","format":"standard","meta":{"footnotes":""},"categories":[3],"tags":[],"_links":{"self":[{"href":"https:\/\/bkf.gdu.edu.az\/index.php?rest_route=\/wp\/v2\/posts\/7403"}],"collection":[{"href":"https:\/\/bkf.gdu.edu.az\/index.php?rest_route=\/wp\/v2\/posts"}],"about":[{"href":"https:\/\/bkf.gdu.edu.az\/index.php?rest_route=\/wp\/v2\/types\/post"}],"author":[{"embeddable":true,"href":"https:\/\/bkf.gdu.edu.az\/index.php?rest_route=\/wp\/v2\/users\/3"}],"replies":[{"embeddable":true,"href":"https:\/\/bkf.gdu.edu.az\/index.php?rest_route=%2Fwp%2Fv2%2Fcomments&post=7403"}],"version-history":[{"count":1,"href":"https:\/\/bkf.gdu.edu.az\/index.php?rest_route=\/wp\/v2\/posts\/7403\/revisions"}],"predecessor-version":[{"id":7407,"href":"https:\/\/bkf.gdu.edu.az\/index.php?rest_route=\/wp\/v2\/posts\/7403\/revisions\/7407"}],"wp:featuredmedia":[{"embeddable":true,"href":"https:\/\/bkf.gdu.edu.az\/index.php?rest_route=\/wp\/v2\/media\/7404"}],"wp:attachment":[{"href":"https:\/\/bkf.gdu.edu.az\/index.php?rest_route=%2Fwp%2Fv2%2Fmedia&parent=7403"}],"wp:term":[{"taxonomy":"category","embeddable":true,"href":"https:\/\/bkf.gdu.edu.az\/index.php?rest_route=%2Fwp%2Fv2%2Fcategories&post=7403"},{"taxonomy":"post_tag","embeddable":true,"href":"https:\/\/bkf.gdu.edu.az\/index.php?rest_route=%2Fwp%2Fv2%2Ftags&post=7403"}],"curies":[{"name":"wp","href":"https:\/\/api.w.org\/{rel}","templated":true}]}}